{"id":2862,"date":"2016-04-21T05:35:47","date_gmt":"2016-04-21T05:35:47","guid":{"rendered":"https:\/\/codexflores.ch\/index.php\/2016\/04\/21\/walliser-ars-electronica-wettbewerb\/"},"modified":"2016-04-21T05:35:47","modified_gmt":"2016-04-21T05:35:47","slug":"walliser-ars-electronica-wettbewerb","status":"publish","type":"post","link":"https:\/\/codexflores.ch\/index.php\/2016\/04\/21\/walliser-ars-electronica-wettbewerb\/","title":{"rendered":"Walliser Ars Electronica-Wettbewerb"},"content":{"rendered":"<p><span style=\"font-family: arial,helvetica,sans-serif; font-size: small;\">21.04.2016 &#8212; Das Ergebnis des 2. internationalen Call for Acousmatic Works \u00abArs Electronica 2016\u00bb des Festivals f\u00fcr Neue Musik Forum Wallis steht fest: 26 Werke wurden aus 289 Eingaben gew\u00e4hlt, mehr als urspr\u00fcnglich geplant.<\/span><\/p>\n<p><span style=\"font-family: arial,helvetica,sans-serif; font-size: small;\"><strong>21.04.2016 &#8212; Das Ergebnis des 2. internationalen Call for Acousmatic Works \u00abArs Electronica 2016\u00bb des Festivals f\u00fcr Neue Musik Forum Wallis steht fest: 26 Werke wurden aus 289 Eingaben gew\u00e4hlt, mehr als urspr\u00fcnglich geplant.<\/strong><\/span><\/p>\n<p><span style=\"font-family: arial,helvetica,sans-serif; font-size: small;\">\u00a0<\/span><\/p>\n<p><span style=\"font-family: arial,helvetica,sans-serif; font-size: small;\">Insgesamt haben 211 Personen aus 45 L\u00e4ndern und 4 Kontinenten 289 Werke eingereicht. Die Qualit\u00e4t der eingereichten Werke und die grosse internationale Resonanz haben \u00abdie Festivalleitung dazu bewogen, die Anzahl der Zulassungen von urspr\u00fcnglich 15 auf 26 zu erh\u00f6hen und die ausgew\u00e4hlten Werke &#8211; wie 2015 &#8211; \u00fcber zwei Konzertabende verteilt zu spielen\u00bb.<\/span><\/p>\n<p>\u00a0<\/p>\n<p><span style=\"font-family: arial,helvetica,sans-serif; font-size: small;\">In die R\u00e4nge gekommen sind: James Andean (Finnland), Laurence Bouckaert (Frankreich), Mikel Chamizo (Spanien), Nicholas Chase (USA), Manfredi Clemente (Italien\/UK), Robert Fleisher (USA), Dave Gedosh (USA), Jannik Giger (Schweiz), Charles Halka (Litauen), Orestis Karamanlis (Griechenland), Stephen Lilly (USA), Joseph Michaels (Deutschland), Alain Michon (Frankreich), Marco Molteni (Italien), Mirjana Nardelli (Italien), John Nichols (USA), Yasuhiro Otani (Japan), Emilie Payeur (Kanada), Leonie Roessler (Deutschland\/Niederlande), Christoffer Schunk (USA), Michael Sterling Smith (USA), Peter Streiff (Schweiz), Phil Taylor (USA), Bihe Wen (China).<\/span><\/p>\n<p>\u00a0<\/p>\n<p><span style=\"font-family: arial,helvetica,sans-serif; font-size: small;\"> Ihre Werke werden am 13. und 14. Mai im Schloss Leuk anl\u00e4sslich des Festivals Forum Wallis aufgef\u00fchrt. Das Festival f\u00fcr Neue Musik Forum Wallis ist das Festival der Walliser Sektion der IGNM (Internationale Gesellschaft f\u00fcr Neue Musik) &#8211; die j\u00fcngste Schweizer IGNM-Gruppe &#8211; und findet j\u00e4hrlich \u00fcber Pfingsten auf Schloss Leuk statt. 2016 feiert es sein 10j\u00e4hriges Bestehen, unter anderem mit dem mehrfach international preisgekr\u00f6nten \u00abPendulum Choir\u00bb der Gebr\u00fcder D\u00e9costerd.\u00a0 <em>(cf)<\/em><\/span><\/p>\n<p><span style=\"font-family: arial,helvetica,sans-serif; font-size: small;\">\u00a0<\/span><\/p>\n<p><span style=\"font-family: arial,helvetica,sans-serif; font-size: small;\">\u00a0<\/span><\/p>\n","protected":false},"excerpt":{"rendered":"<p><span style=\"font-family: arial,helvetica,sans-serif; font-size: small;\">21.04.2016 &#8212; Das Ergebnis des 2. internationalen Call for Acousmatic Works \u00abArs Electronica 2016\u00bb des Festivals f\u00fcr Neue Musik Forum Wallis steht fest: 26 Werke wurden aus 289 Eingaben gew\u00e4hlt, mehr als urspr\u00fcnglich geplant.<\/span><\/p>\n","protected":false},"author":1,"featured_media":0,"comment_status":"open","ping_status":"open","sticky":false,"template":"","format":"standard","meta":{"footnotes":""},"categories":[2],"tags":[],"class_list":["post-2862","post","type-post","status-publish","format-standard","hentry","category-nachrichten","entry"],"_links":{"self":[{"href":"https:\/\/codexflores.ch\/index.php\/wp-json\/wp\/v2\/posts\/2862","targetHints":{"allow":["GET"]}}],"collection":[{"href":"https:\/\/codexflores.ch\/index.php\/wp-json\/wp\/v2\/posts"}],"about":[{"href":"https:\/\/codexflores.ch\/index.php\/wp-json\/wp\/v2\/types\/post"}],"author":[{"embeddable":true,"href":"https:\/\/codexflores.ch\/index.php\/wp-json\/wp\/v2\/users\/1"}],"replies":[{"embeddable":true,"href":"https:\/\/codexflores.ch\/index.php\/wp-json\/wp\/v2\/comments?post=2862"}],"version-history":[{"count":0,"href":"https:\/\/codexflores.ch\/index.php\/wp-json\/wp\/v2\/posts\/2862\/revisions"}],"wp:attachment":[{"href":"https:\/\/codexflores.ch\/index.php\/wp-json\/wp\/v2\/media?parent=2862"}],"wp:term":[{"taxonomy":"category","embeddable":true,"href":"https:\/\/codexflores.ch\/index.php\/wp-json\/wp\/v2\/categories?post=2862"},{"taxonomy":"post_tag","embeddable":true,"href":"https:\/\/codexflores.ch\/index.php\/wp-json\/wp\/v2\/tags?post=2862"}],"curies":[{"name":"wp","href":"https:\/\/api.w.org\/{rel}","templated":true}]}}