{"id":2864,"date":"2016-04-22T05:44:06","date_gmt":"2016-04-22T05:44:06","guid":{"rendered":"https:\/\/codexflores.ch\/index.php\/2016\/04\/22\/floriane-cottet-leitet-orchestre-dijon-bourgogne\/"},"modified":"2016-04-22T05:44:06","modified_gmt":"2016-04-22T05:44:06","slug":"floriane-cottet-leitet-orchestre-dijon-bourgogne","status":"publish","type":"post","link":"https:\/\/codexflores.ch\/index.php\/2016\/04\/22\/floriane-cottet-leitet-orchestre-dijon-bourgogne\/","title":{"rendered":"Floriane Cottet leitet Orchestre Dijon Bourgogne"},"content":{"rendered":"<p><span style=\"font-family: arial,helvetica,sans-serif; font-size: small;\">22.04.2016 &#8212; Floriane Cottet, die Orchesterverantwortliche des Verbier Festivals, ist zur Gesch\u00e4ftsf\u00fchrerin des Orchestre Dijon Bourgogne ernannt worden.<\/span><\/p>\n<p><span style=\"font-family: arial,helvetica,sans-serif; font-size: small;\"><strong>22.04.2016 &#8212; Floriane Cottet, die Orchesterverantwortliche des Verbier Festivals, ist zur Gesch\u00e4ftsf\u00fchrerin des Orchestre Dijon Bourgogne ernannt worden.<\/strong><\/span><\/p>\n<p><span style=\"font-family: arial,helvetica,sans-serif; font-size: small;\">\u00a0<\/span><\/p>\n<p><span style=\"font-family: arial,helvetica,sans-serif; font-size: small;\">Cottet wird in Dijon Teil eines Leitungsteams, das aus dem Pr\u00e4sidenten Daniel Exartier und dem Musikalischen Leiter Gergely Madaras besteht. Das Ensemble verf\u00fcgt \u00fcber 47 Musikerstellen und wird unter anderem von der Stadt Dijon und dem Regionalrat der Region Bourgogne-Franche-Comt\u00e9 unterst\u00fctzt.<\/span><\/p>\n<p><span style=\"font-family: arial,helvetica,sans-serif; font-size: small;\">\u00a0<\/span><\/p>\n<p><span style=\"font-family: arial,helvetica,sans-serif; font-size: small;\">Floriane Cottet ist als Geigerin Absolventin der Musikhochschulen von Lausanne und Genf sowie der Universit\u00e4t f\u00fcr Musik und Darstellende Kunst Wien. Zudem hat sie ein Kulturmanagementstudium absolviert. Sie ist \u00fcberdies Generalsekret\u00e4rin der F\u00e9d\u00e9ration Europ\u00e9enne des Orchestres Nationaux de Jeunes (EFNYO). <em>(cf)<\/em><\/span><\/p>\n","protected":false},"excerpt":{"rendered":"<p><span style=\"font-family: arial,helvetica,sans-serif; font-size: small;\">22.04.2016 &#8212; Floriane Cottet, die Orchesterverantwortliche des Verbier Festivals, ist zur Gesch\u00e4ftsf\u00fchrerin des Orchestre Dijon Bourgogne ernannt worden.<\/span><\/p>\n","protected":false},"author":1,"featured_media":0,"comment_status":"open","ping_status":"open","sticky":false,"template":"","format":"standard","meta":{"footnotes":""},"categories":[2],"tags":[],"class_list":["post-2864","post","type-post","status-publish","format-standard","hentry","category-nachrichten","entry"],"_links":{"self":[{"href":"https:\/\/codexflores.ch\/index.php\/wp-json\/wp\/v2\/posts\/2864","targetHints":{"allow":["GET"]}}],"collection":[{"href":"https:\/\/codexflores.ch\/index.php\/wp-json\/wp\/v2\/posts"}],"about":[{"href":"https:\/\/codexflores.ch\/index.php\/wp-json\/wp\/v2\/types\/post"}],"author":[{"embeddable":true,"href":"https:\/\/codexflores.ch\/index.php\/wp-json\/wp\/v2\/users\/1"}],"replies":[{"embeddable":true,"href":"https:\/\/codexflores.ch\/index.php\/wp-json\/wp\/v2\/comments?post=2864"}],"version-history":[{"count":0,"href":"https:\/\/codexflores.ch\/index.php\/wp-json\/wp\/v2\/posts\/2864\/revisions"}],"wp:attachment":[{"href":"https:\/\/codexflores.ch\/index.php\/wp-json\/wp\/v2\/media?parent=2864"}],"wp:term":[{"taxonomy":"category","embeddable":true,"href":"https:\/\/codexflores.ch\/index.php\/wp-json\/wp\/v2\/categories?post=2864"},{"taxonomy":"post_tag","embeddable":true,"href":"https:\/\/codexflores.ch\/index.php\/wp-json\/wp\/v2\/tags?post=2864"}],"curies":[{"name":"wp","href":"https:\/\/api.w.org\/{rel}","templated":true}]}}