{"id":2872,"date":"2016-04-29T05:33:01","date_gmt":"2016-04-29T05:33:01","guid":{"rendered":"https:\/\/codexflores.ch\/index.php\/2016\/04\/29\/marignano-marsch-wird-walliser-hymne\/"},"modified":"2016-04-29T05:33:01","modified_gmt":"2016-04-29T05:33:01","slug":"marignano-marsch-wird-walliser-hymne","status":"publish","type":"post","link":"https:\/\/codexflores.ch\/index.php\/2016\/04\/29\/marignano-marsch-wird-walliser-hymne\/","title":{"rendered":"\u00abMarignano-Marsch\u00bb wird Walliser Hymne"},"content":{"rendered":"<p><span style=\"font-family: arial,helvetica,sans-serif; font-size: small;\">29.04.2016 &#8212; Auf dem Plantaplatz in Sitten wurden im Rahmen einer offiziellen Feier das \u00abWalliser Lied\u00bb und, als dessen Instrumentalversion, Jean Daetwylers \u00abMarignano-Marsch\u00bb, offiziell zur Kantonshymne erhoben.<\/span><\/p>\n<p>\u00a0<\/p>\n<p><span style=\"font-family: arial,helvetica,sans-serif; font-size: small;\"><strong>29.04.2016 &#8212; Auf dem Plantaplatz in Sitten wurden im Rahmen einer offiziellen Feier das \u00abWalliser Lied\u00bb und, als dessen Instrumentalversion, Jean Daetwylers \u00abMarignano-Marsch\u00bb, offiziell zur Kantonshymne erhoben. <\/strong><\/span><\/p>\n<p><span style=\"font-family: arial,helvetica,sans-serif; font-size: small;\"><strong>\u00a0<\/strong><\/span><\/p>\n<p><span style=\"font-family: arial,helvetica,sans-serif; font-size: small;\">Auch wenn das Walliser Lied bereits als Hymne des Kantons galt, fehlte ihm bis jetzt die amtliche Beurkundung. Wie der Pr\u00e4sident der Regierung und der Pr\u00e4sident des Grossen Rates erkl\u00e4rten, soll die offizielle Anerkennung der Festigung der kantonalen Einheit dienen und Einwohnern und Besuchern des Kantons \u00abeinen Begriff der Walliser Kultur vermitteln\u00bb.<\/span><\/p>\n<p>\u00a0<\/p>\n<p><span style=\"font-family: arial,helvetica,sans-serif; font-size: small;\">Vor Publikum und Beh\u00f6rdenvertretern setzten Staatsratspr\u00e4sident Jacques Melly und Grossratspr\u00e4sident Nicolas Voide laut der Medienmitteilung des Kantons ihre Unterschriften unter die entsprechende Urkunde. Zu Geh\u00f6r gebracht wurde die neu ernannte Kantonshymne in ihrer offiziellen Instrumental- und Gesangsversion von der Musikgesellschaft der Stadt Sitten und der S\u00e4ngerin Sylvie Bourban.<\/span><\/p>\n<p>\u00a0<\/p>\n<p><span style=\"font-family: arial,helvetica,sans-serif; font-size: small;\">1939 komponierte Jean Daetwyler im Auftrag des Mittelwalliser Musikverbands einen \u00abMarignano-Marsch\u00bb. Dem urspr\u00fcnglich aus Basel stammenden Musiker war es ein Anliegen, das \u00abWalliser Lied\u00bb (Komponist: Ferdinand Otto Wolf; Text: Leo Luzian von Roten) darin einfliessen zu lassen und so seiner Verbundenheit mit dem Kanton Wallis Ausdruck zu geben.<\/span><\/p>\n<p>\u00a0<\/p>\n<p><span style=\"font-family: arial,helvetica,sans-serif; font-size: small;\">Daetwyler war 1949 Mitbegr\u00fcnder des kantonalen Musikkonservatoriums in Sitten, und er bet\u00e4tigte sich auch als Dirigent verschiedener Ch\u00f6re und anderer Musikformationen.<em> (cf)<\/em><\/span><\/p>\n","protected":false},"excerpt":{"rendered":"<p><span style=\"font-family: arial,helvetica,sans-serif; font-size: small;\">29.04.2016 &#8212; Auf dem Plantaplatz in Sitten wurden im Rahmen einer offiziellen Feier das \u00abWalliser Lied\u00bb und, als dessen Instrumentalversion, Jean Daetwylers \u00abMarignano-Marsch\u00bb, offiziell zur Kantonshymne erhoben.<\/span><\/p>\n","protected":false},"author":1,"featured_media":0,"comment_status":"open","ping_status":"open","sticky":false,"template":"","format":"standard","meta":{"footnotes":""},"categories":[2],"tags":[],"class_list":["post-2872","post","type-post","status-publish","format-standard","hentry","category-nachrichten","entry"],"_links":{"self":[{"href":"https:\/\/codexflores.ch\/index.php\/wp-json\/wp\/v2\/posts\/2872","targetHints":{"allow":["GET"]}}],"collection":[{"href":"https:\/\/codexflores.ch\/index.php\/wp-json\/wp\/v2\/posts"}],"about":[{"href":"https:\/\/codexflores.ch\/index.php\/wp-json\/wp\/v2\/types\/post"}],"author":[{"embeddable":true,"href":"https:\/\/codexflores.ch\/index.php\/wp-json\/wp\/v2\/users\/1"}],"replies":[{"embeddable":true,"href":"https:\/\/codexflores.ch\/index.php\/wp-json\/wp\/v2\/comments?post=2872"}],"version-history":[{"count":0,"href":"https:\/\/codexflores.ch\/index.php\/wp-json\/wp\/v2\/posts\/2872\/revisions"}],"wp:attachment":[{"href":"https:\/\/codexflores.ch\/index.php\/wp-json\/wp\/v2\/media?parent=2872"}],"wp:term":[{"taxonomy":"category","embeddable":true,"href":"https:\/\/codexflores.ch\/index.php\/wp-json\/wp\/v2\/categories?post=2872"},{"taxonomy":"post_tag","embeddable":true,"href":"https:\/\/codexflores.ch\/index.php\/wp-json\/wp\/v2\/tags?post=2872"}],"curies":[{"name":"wp","href":"https:\/\/api.w.org\/{rel}","templated":true}]}}