{"id":2873,"date":"2016-05-02T05:45:44","date_gmt":"2016-05-02T05:45:44","guid":{"rendered":"https:\/\/codexflores.ch\/index.php\/2016\/05\/02\/musikologie-in-brixen-und-trient\/"},"modified":"2016-05-02T05:45:44","modified_gmt":"2016-05-02T05:45:44","slug":"musikologie-in-brixen-und-trient","status":"publish","type":"post","link":"https:\/\/codexflores.ch\/index.php\/2016\/05\/02\/musikologie-in-brixen-und-trient\/","title":{"rendered":"Musikologie in Brixen und Trient"},"content":{"rendered":"<p><span style=\"font-family: arial,helvetica,sans-serif; font-size: small;\">02.05.2016 &#8212; Ab kommenden Herbst wird in Brixen an der Fakult\u00e4t f\u00fcr Bildungswissenschaften der Freien Universit\u00e4t Bozen ein dreisprachig angelegter Masterstudiengang in Musikologie angeboten.<\/span><\/p>\n<p><span style=\"font-family: arial,helvetica,sans-serif; font-size: small;\"><strong>02.05.2016 &#8212; Ab kommenden Herbst wird in Brixen an der Fakult\u00e4t f\u00fcr Bildungswissenschaften der Freien Universit\u00e4t Bozen ein dreisprachig angelegter Masterstudiengang in Musikologie angeboten.<\/strong><\/span><\/p>\n<p><span style=\"font-family: arial,helvetica,sans-serif; font-size: small;\">\u00a0<\/span><\/p>\n<p><span style=\"font-family: arial,helvetica,sans-serif; font-size: small;\">Nach dem ersten gemeinsamen Jahr in Brixen an der Fakult\u00e4t f\u00fcr Bildungswissenschaften in englischer Sprache kann zwischen dem Studienzweig Philologie der Musik in Trient und dem Studienzweig Musikvermittlung in Brixen gew\u00e4hlt werden. <\/span><\/p>\n<p><span style=\"font-family: arial,helvetica,sans-serif; font-size: small;\">\u00a0<\/span><\/p>\n<p><span style=\"font-family: arial,helvetica,sans-serif; font-size: small;\">Der spezialisierende Studiengang vermittelt Musikphilologie, Kulturelle Anthropologie, Stylistik der modernen und zeitgen\u00f6ssischen Komposition und Musikvermittlung. Unterrichten werden unter anderem Johannes van der Sandt (aus S\u00fcdafrika, wird in englischer Sprache lehren), Paolo Somigli und Giulia Gabrielli sowie \u00abhochkar\u00e4tige Musiker\u00bb.\u00a0<em> (cf)<\/em><\/span><\/p>\n","protected":false},"excerpt":{"rendered":"<p><span style=\"font-family: arial,helvetica,sans-serif; font-size: small;\">02.05.2016 &#8212; Ab kommenden Herbst wird in Brixen an der Fakult\u00e4t f\u00fcr Bildungswissenschaften der Freien Universit\u00e4t Bozen ein dreisprachig angelegter Masterstudiengang in Musikologie angeboten.<\/span><\/p>\n","protected":false},"author":1,"featured_media":0,"comment_status":"open","ping_status":"open","sticky":false,"template":"","format":"standard","meta":{"footnotes":""},"categories":[2],"tags":[],"class_list":["post-2873","post","type-post","status-publish","format-standard","hentry","category-nachrichten","entry"],"_links":{"self":[{"href":"https:\/\/codexflores.ch\/index.php\/wp-json\/wp\/v2\/posts\/2873","targetHints":{"allow":["GET"]}}],"collection":[{"href":"https:\/\/codexflores.ch\/index.php\/wp-json\/wp\/v2\/posts"}],"about":[{"href":"https:\/\/codexflores.ch\/index.php\/wp-json\/wp\/v2\/types\/post"}],"author":[{"embeddable":true,"href":"https:\/\/codexflores.ch\/index.php\/wp-json\/wp\/v2\/users\/1"}],"replies":[{"embeddable":true,"href":"https:\/\/codexflores.ch\/index.php\/wp-json\/wp\/v2\/comments?post=2873"}],"version-history":[{"count":0,"href":"https:\/\/codexflores.ch\/index.php\/wp-json\/wp\/v2\/posts\/2873\/revisions"}],"wp:attachment":[{"href":"https:\/\/codexflores.ch\/index.php\/wp-json\/wp\/v2\/media?parent=2873"}],"wp:term":[{"taxonomy":"category","embeddable":true,"href":"https:\/\/codexflores.ch\/index.php\/wp-json\/wp\/v2\/categories?post=2873"},{"taxonomy":"post_tag","embeddable":true,"href":"https:\/\/codexflores.ch\/index.php\/wp-json\/wp\/v2\/tags?post=2873"}],"curies":[{"name":"wp","href":"https:\/\/api.w.org\/{rel}","templated":true}]}}