{"id":2874,"date":"2016-05-03T05:43:17","date_gmt":"2016-05-03T05:43:17","guid":{"rendered":"https:\/\/codexflores.ch\/index.php\/2016\/05\/03\/praemierte-zeitgenoessische-geistliche-musik\/"},"modified":"2016-05-03T05:43:17","modified_gmt":"2016-05-03T05:43:17","slug":"praemierte-zeitgenoessische-geistliche-musik","status":"publish","type":"post","link":"https:\/\/codexflores.ch\/index.php\/2016\/05\/03\/praemierte-zeitgenoessische-geistliche-musik\/","title":{"rendered":"Pr\u00e4mierte zeitgen\u00f6ssische Geistliche Musik"},"content":{"rendered":"<p><span style=\"font-family: arial,helvetica,sans-serif; font-size: small;\">03.05.2016 &#8212; Tilman J\u00e4ger und Stephan Lenz heissen die Gewinner des 13. Kompositionswettbewerbs Zeitgen\u00f6ssische Geistliche Musik des Festivals Europ\u00e4ische Kirchenmusik Schw\u00e4bisch Gm\u00fcnd.<\/span><\/p>\n<p><span style=\"font-family: arial,helvetica,sans-serif; font-size: small;\"><strong>03.05.2016 &#8212; Tilman J\u00e4ger und Stephan Lenz heissen die Gewinner des 13. Kompositionswettbewerbs Zeitgen\u00f6ssische Geistliche Musik des Festivals Europ\u00e4ische Kirchenmusik Schw\u00e4bisch Gm\u00fcnd.<\/strong><\/span><\/p>\n<p><span style=\"font-family: arial,helvetica,sans-serif; font-size: small;\">\u00a0<\/span><\/p>\n<p><span style=\"font-family: arial,helvetica,sans-serif; font-size: small;\">J\u00e4ger ist Professor f\u00fcr schulpraktisches Klavierspiel an der Musikhochschule M\u00fcnchen und Stephan Lenz Dozent f\u00fcr Klavier und schulpraktisches Klavierspiel an der P\u00e4dagogischen Hochschule Ludwigsburg. Sie haben unter 19 aus aller Welt eingereichten Arbeiten zum Festivalthema 2016 \u00abAls Mann und Frau\u00bb im Bereich Popularmusik eine Komposition f\u00fcr Gesang und kleine Instrumentalbesetzung geschaffen, die laut Mitteilung des Festivals die Jury \u00fcberzeugt haben.<\/span><\/p>\n<p>\u00a0<\/p>\n<p><span style=\"font-family: arial,helvetica,sans-serif; font-size: small;\"> Die Jury bestand aus Udo Dahmen (Popakademie Baden-W\u00fcrttemberg), Christian Fischer (Hochschule f\u00fcr Kirchenmusik T\u00fcbingen), Ewald Liska (Festival Europ\u00e4ische Kirchenmusik Schw\u00e4bisch Gm\u00fcnd) und Barbara B\u00fcrkle (Jazz-S\u00e4ngerin, Stuttgart). <em>(cf)<\/em><\/span><\/p>\n<p><span style=\"font-family: arial,helvetica,sans-serif; font-size: small;\">\u00a0<\/span><\/p>\n","protected":false},"excerpt":{"rendered":"<p><span style=\"font-family: arial,helvetica,sans-serif; font-size: small;\">03.05.2016 &#8212; Tilman J\u00e4ger und Stephan Lenz heissen die Gewinner des 13. Kompositionswettbewerbs Zeitgen\u00f6ssische Geistliche Musik des Festivals Europ\u00e4ische Kirchenmusik Schw\u00e4bisch Gm\u00fcnd.<\/span><\/p>\n","protected":false},"author":1,"featured_media":0,"comment_status":"open","ping_status":"open","sticky":false,"template":"","format":"standard","meta":{"footnotes":""},"categories":[2],"tags":[],"class_list":["post-2874","post","type-post","status-publish","format-standard","hentry","category-nachrichten","entry"],"_links":{"self":[{"href":"https:\/\/codexflores.ch\/index.php\/wp-json\/wp\/v2\/posts\/2874","targetHints":{"allow":["GET"]}}],"collection":[{"href":"https:\/\/codexflores.ch\/index.php\/wp-json\/wp\/v2\/posts"}],"about":[{"href":"https:\/\/codexflores.ch\/index.php\/wp-json\/wp\/v2\/types\/post"}],"author":[{"embeddable":true,"href":"https:\/\/codexflores.ch\/index.php\/wp-json\/wp\/v2\/users\/1"}],"replies":[{"embeddable":true,"href":"https:\/\/codexflores.ch\/index.php\/wp-json\/wp\/v2\/comments?post=2874"}],"version-history":[{"count":0,"href":"https:\/\/codexflores.ch\/index.php\/wp-json\/wp\/v2\/posts\/2874\/revisions"}],"wp:attachment":[{"href":"https:\/\/codexflores.ch\/index.php\/wp-json\/wp\/v2\/media?parent=2874"}],"wp:term":[{"taxonomy":"category","embeddable":true,"href":"https:\/\/codexflores.ch\/index.php\/wp-json\/wp\/v2\/categories?post=2874"},{"taxonomy":"post_tag","embeddable":true,"href":"https:\/\/codexflores.ch\/index.php\/wp-json\/wp\/v2\/tags?post=2874"}],"curies":[{"name":"wp","href":"https:\/\/api.w.org\/{rel}","templated":true}]}}