{"id":2876,"date":"2016-05-06T06:21:40","date_gmt":"2016-05-06T06:21:40","guid":{"rendered":"https:\/\/codexflores.ch\/index.php\/2016\/05\/06\/deutsche-kammerphilharmonie-bremen-orchester-des-jahres\/"},"modified":"2016-05-06T06:21:40","modified_gmt":"2016-05-06T06:21:40","slug":"deutsche-kammerphilharmonie-bremen-orchester-des-jahres","status":"publish","type":"post","link":"https:\/\/codexflores.ch\/index.php\/2016\/05\/06\/deutsche-kammerphilharmonie-bremen-orchester-des-jahres\/","title":{"rendered":"Deutsche Kammerphilharmonie Bremen Orchester des Jahres"},"content":{"rendered":"<p><span style=\"font-family: arial,helvetica,sans-serif; font-size: small;\">06.05.2016 &#8212; Deutschlandradio Kultur w\u00e4hlt neu j\u00e4hrlich ein Orchester des Jahres. Das erste Ensemble, das in den Genuss der Auszeichnung kommt, ist die Deutsche Kammerphilharmonie Bremen.<\/span><\/p>\n<p><strong><span style=\"font-family: arial,helvetica,sans-serif; font-size: small;\">06.05.2016 &#8212; Deutschlandradio Kultur w\u00e4hlt neu j\u00e4hrlich ein Orchester des Jahres. Das erste Ensemble, das in den Genuss der Auszeichnung kommt, ist die Deutsche Kammerphilharmonie Bremen.<\/span><\/strong><\/p>\n<p><span style=\"font-family: arial,helvetica,sans-serif; font-size: small;\">\u00a0<\/span><\/p>\n<p><span style=\"font-family: arial,helvetica,sans-serif; font-size: small;\">Deutschlandradio-Kultur-Wellenchef Hans Dieter Heimendahl hat die Auszeichnung am 30. April 2016 auf dem Abschlusskonzert des Festivals Heidelberger Fr\u00fchling \u00fcbergeben. Laut der Mitteilung auf der Seite von Deutschlandradio Kultur haben die Beethoven-Einspielungen der Deutschen Kammerphilharmonie Bremen &#8211; unter der k\u00fcnstlerischen Leitung des estnischen Dirigent Paavo J\u00e4rvi &#8211; weltweit f\u00fcr Furore gesorgt.\u00a0<\/span><\/p>\n<p><span style=\"font-family: arial,helvetica,sans-serif; font-size: small;\">\u00a0<\/span><\/p>\n<p><span style=\"font-family: arial,helvetica,sans-serif; font-size: small;\">Die Auszeichnung \u00abw\u00fcrdigt innovative Impulse im deutschen Musikleben\u00bb. Die Anerkennung wird ab 2016 f\u00fcr herausragende k\u00fcnstlerische und p\u00e4dagogische Arbeit vergeben. Ausschlaggebend sind neben musikalischer Exzellenz \u00abdie Entwicklung innovativer Musikprogramme und Musikvermittlungsformen und zukunftsweisende Organisations- und Arbeitsstrukturen\u00bb.\u00a0 <em>(cf)<\/em><\/span><\/p>\n","protected":false},"excerpt":{"rendered":"<p><span style=\"font-family: arial,helvetica,sans-serif; font-size: small;\">06.05.2016 &#8212; Deutschlandradio Kultur w\u00e4hlt neu j\u00e4hrlich ein Orchester des Jahres. Das erste Ensemble, das in den Genuss der Auszeichnung kommt, ist die Deutsche Kammerphilharmonie Bremen.<\/span><\/p>\n","protected":false},"author":1,"featured_media":0,"comment_status":"open","ping_status":"open","sticky":false,"template":"","format":"standard","meta":{"footnotes":""},"categories":[2],"tags":[],"class_list":["post-2876","post","type-post","status-publish","format-standard","hentry","category-nachrichten","entry"],"_links":{"self":[{"href":"https:\/\/codexflores.ch\/index.php\/wp-json\/wp\/v2\/posts\/2876","targetHints":{"allow":["GET"]}}],"collection":[{"href":"https:\/\/codexflores.ch\/index.php\/wp-json\/wp\/v2\/posts"}],"about":[{"href":"https:\/\/codexflores.ch\/index.php\/wp-json\/wp\/v2\/types\/post"}],"author":[{"embeddable":true,"href":"https:\/\/codexflores.ch\/index.php\/wp-json\/wp\/v2\/users\/1"}],"replies":[{"embeddable":true,"href":"https:\/\/codexflores.ch\/index.php\/wp-json\/wp\/v2\/comments?post=2876"}],"version-history":[{"count":0,"href":"https:\/\/codexflores.ch\/index.php\/wp-json\/wp\/v2\/posts\/2876\/revisions"}],"wp:attachment":[{"href":"https:\/\/codexflores.ch\/index.php\/wp-json\/wp\/v2\/media?parent=2876"}],"wp:term":[{"taxonomy":"category","embeddable":true,"href":"https:\/\/codexflores.ch\/index.php\/wp-json\/wp\/v2\/categories?post=2876"},{"taxonomy":"post_tag","embeddable":true,"href":"https:\/\/codexflores.ch\/index.php\/wp-json\/wp\/v2\/tags?post=2876"}],"curies":[{"name":"wp","href":"https:\/\/api.w.org\/{rel}","templated":true}]}}