{"id":2877,"date":"2016-05-06T06:44:28","date_gmt":"2016-05-06T06:44:28","guid":{"rendered":"https:\/\/codexflores.ch\/index.php\/2016\/05\/06\/kulturfoerderung-schadet-lokalen-gesellschaften\/"},"modified":"2016-05-06T06:44:28","modified_gmt":"2016-05-06T06:44:28","slug":"kulturfoerderung-schadet-lokalen-gesellschaften","status":"publish","type":"post","link":"https:\/\/codexflores.ch\/index.php\/2016\/05\/06\/kulturfoerderung-schadet-lokalen-gesellschaften\/","title":{"rendered":"Kulturf\u00f6rderung schadet lokalen Gesellschaften"},"content":{"rendered":"<p><span style=\"font-family: arial,helvetica,sans-serif; font-size: small;\">06.05.2016 &#8212; Eine Studie des britischen Arts and Humanities Research Council zieht in Zweifel, dass Kulturf\u00f6rderprogramme lokalen Gemeinschaften Nutzen bringt. Statt mehr Partizipation alteingesessener Bev\u00f6lkerungsgruppen bef\u00f6rdere sie vielmehr Gentrifizierung und die Verdr\u00e4ngung unterprivilegierter Bev\u00f6lkerungsschichten.<\/span><\/p>\n<p><span style=\"font-family: arial,helvetica,sans-serif; font-size: small;\"><strong>06.05.2016 &#8212; Eine Studie des britischen Arts and Humanities Research Council zieht in Zweifel, dass Kulturf\u00f6rderprogramme lokalen Gemeinschaften Nutzen bringt. Statt mehr Partizipation alteingesessener Bev\u00f6lkerungsgruppen bef\u00f6rdere sie vielmehr Gentrifizierung und die Verdr\u00e4ngung unterprivilegierter Bev\u00f6lkerungsschichten.<\/strong><\/span><\/p>\n<p><span style=\"font-family: arial,helvetica,sans-serif; font-size: small;\">\u00a0<\/span><\/p>\n<p><span style=\"font-family: arial,helvetica,sans-serif; font-size: small;\">Die Studie kommt zum Schluss, dass kulturelle Gemeinschaftszentren und Kulturvermittlung bloss dazu f\u00fchren, dass die Immobilienpreise im Umfeld stegien und Alteingesessene verdr\u00e4ngt werden. Sie stellt \u00fcberdies die positiven Effekte der Musikvermittlung in Grundschulen und von Musikprogrammen in Spit\u00e4lern und Gef\u00e4ngnissen in Frage. <\/span><\/p>\n<p><span style=\"font-family: arial,helvetica,sans-serif; font-size: small;\">\u00a0<\/span><\/p>\n<p><span style=\"font-family: arial,helvetica,sans-serif; font-size: small;\">Die Schl\u00fcsse zieht die Studie unter anderem aus einer alternativen Sicht auf empirische Daten zu den Effekten der Massnahmen. Bislang seien vor allem quantitative Erhebungen erfolgt, etwas zur Anzahl Teilnehmer an Veranstaltungen. Entscheidend sei aber die pers\u00f6nliche Erfahrung der Betroffenen.\u00a0<\/span><\/p>\n<p>\u00a0<\/p>\n<p><span style=\"font-family: arial,helvetica,sans-serif; font-size: small;\">Laut einem Bericht des australischen Fachmagazins <a href=\"http:\/\/www.limelightmagazine.com.au\/new-study-suggests-arts-may-not-be-good-community\" target=\"_blank\" rel=\"noopener noreferrer\">Limelight<\/a> k\u00f6nnen Community-Programme dann erfolgreich sein, wenn K\u00fcnstler sich nicht an abstrakte, zuvor festgelegte Ziele und Vorgaben der F\u00f6rderstellen halten m\u00fcssen. <em>(cf) \u00a0<\/em> <\/span><\/p>\n<p><span style=\"font-family: arial,helvetica,sans-serif; font-size: small;\"><strong>Link zum Report:<br \/><\/strong> <a href=\"http:\/\/www.ahrc.ac.uk\/documents\/publications\/cultural-value-project-final-report\/\" target=\"_blank\" rel=\"noopener noreferrer\">www.ahrc.ac.uk\/documents\/publications\/cultural-value-project-final-report\/<br \/><\/a><\/span><span style=\"font-family: arial,helvetica,sans-serif; font-size: small;\"><strong>Telegraph-Artikel zum Thema:<br \/><\/strong> <a href=\"http:\/\/www.telegraph.co.uk\/art\/what-to-see\/how-weve-got-it-wrong-about-the-arts\/\" target=\"_blank\" rel=\"noopener noreferrer\">www.telegraph.co.uk\/art\/what-to-see\/how-weve-got-it-wrong-about-the-arts\/<\/a><br \/><\/span><\/p>\n","protected":false},"excerpt":{"rendered":"<p><span style=\"font-family: arial,helvetica,sans-serif; font-size: small;\">06.05.2016 &#8212; Eine Studie des britischen Arts and Humanities Research Council zieht in Zweifel, dass Kulturf\u00f6rderprogramme lokalen Gemeinschaften Nutzen bringt. Statt mehr Partizipation alteingesessener Bev\u00f6lkerungsgruppen bef\u00f6rdere sie vielmehr Gentrifizierung und die Verdr\u00e4ngung unterprivilegierter Bev\u00f6lkerungsschichten.<\/span><\/p>\n","protected":false},"author":1,"featured_media":0,"comment_status":"open","ping_status":"open","sticky":false,"template":"","format":"standard","meta":{"footnotes":""},"categories":[2],"tags":[],"class_list":["post-2877","post","type-post","status-publish","format-standard","hentry","category-nachrichten","entry"],"_links":{"self":[{"href":"https:\/\/codexflores.ch\/index.php\/wp-json\/wp\/v2\/posts\/2877","targetHints":{"allow":["GET"]}}],"collection":[{"href":"https:\/\/codexflores.ch\/index.php\/wp-json\/wp\/v2\/posts"}],"about":[{"href":"https:\/\/codexflores.ch\/index.php\/wp-json\/wp\/v2\/types\/post"}],"author":[{"embeddable":true,"href":"https:\/\/codexflores.ch\/index.php\/wp-json\/wp\/v2\/users\/1"}],"replies":[{"embeddable":true,"href":"https:\/\/codexflores.ch\/index.php\/wp-json\/wp\/v2\/comments?post=2877"}],"version-history":[{"count":0,"href":"https:\/\/codexflores.ch\/index.php\/wp-json\/wp\/v2\/posts\/2877\/revisions"}],"wp:attachment":[{"href":"https:\/\/codexflores.ch\/index.php\/wp-json\/wp\/v2\/media?parent=2877"}],"wp:term":[{"taxonomy":"category","embeddable":true,"href":"https:\/\/codexflores.ch\/index.php\/wp-json\/wp\/v2\/categories?post=2877"},{"taxonomy":"post_tag","embeddable":true,"href":"https:\/\/codexflores.ch\/index.php\/wp-json\/wp\/v2\/tags?post=2877"}],"curies":[{"name":"wp","href":"https:\/\/api.w.org\/{rel}","templated":true}]}}