{"id":2878,"date":"2016-05-09T05:46:19","date_gmt":"2016-05-09T05:46:19","guid":{"rendered":"https:\/\/codexflores.ch\/index.php\/2016\/05\/09\/repusic-uebernimmt-muenchner-rundfunkorchester\/"},"modified":"2016-05-09T05:46:19","modified_gmt":"2016-05-09T05:46:19","slug":"repusic-uebernimmt-muenchner-rundfunkorchester","status":"publish","type":"post","link":"https:\/\/codexflores.ch\/index.php\/2016\/05\/09\/repusic-uebernimmt-muenchner-rundfunkorchester\/","title":{"rendered":"Repu\u0161i\u0107  \u00fcbernimmt M\u00fcnchner Rundfunkorchester"},"content":{"rendered":"<p><span style=\"font-family: arial,helvetica,sans-serif; font-size: small;\">09.05.2016 &#8212; Der kroatische Dirigent Ivan Repu\u0161i\u0107 wird ab 2017 Chefdirigent des M\u00fcnchner Rundfunkorchesters. Er folgt damit auf Ulf Schirmer. Parallel dazu \u00fcbernimmt Repu\u0161i\u0107 in der kommenden Saison die Position des Generalmusikdirektors an der Staatsoper Hannover.<\/span><\/p>\n<p><strong><span style=\"font-family: arial,helvetica,sans-serif; font-size: small;\">09.05.2016 &#8212; Der kroatische Dirigent Ivan Repu\u0161i\u0107 wird ab 2017 Chefdirigent des M\u00fcnchner Rundfunkorchesters. Er folgt damit auf Ulf Schirmer. Parallel dazu \u00fcbernimmt Repu\u0161i\u0107 in der kommenden Saison die Position des Generalmusikdirektors an der Staatsoper Hannover.<\/span><\/strong><\/p>\n<p><span style=\"font-family: arial,helvetica,sans-serif; font-size: small;\">\u00a0<\/span><\/p>\n<p><span style=\"font-family: arial,helvetica,sans-serif; font-size: small;\">Ivan Repu\u0161i\u0107s Dirigentenkarriere startete 2002 am kroatischen Nationaltheater in Split. Sechs Jahre lang war er dort Chefdirigent. Bis heute ist er Chef des Zadar Chamber Orchestra, das er seit 2005 leitet. Zudem ist er Lehrbeauftragter an der Akademie der Bildenden K\u00fcnste der Universit\u00e4t von Split. Vor f\u00fcnf Jahren gab Ivan Repu\u0161i\u0107 sein Deb\u00fct an der Deutschen Oper Berlin, in der darauffolgenden Saison wurde er dort Kapellmeister. Zus\u00e4tzlich zu seiner Verpflichtung in M\u00fcnchen wird Repu\u0161i\u0107 ab der kommenden Saison Generalmusikdirektor an der Staatsoper Hannover, vorerst f\u00fcr drei Jahre.<\/span><\/p>\n<p><span style=\"font-family: arial,helvetica,sans-serif; font-size: small;\">\u00a0<\/span><\/p>\n<p><span style=\"font-family: arial,helvetica,sans-serif; font-size: small;\">Das 1952 gegr\u00fcndete M\u00fcnchner Rundfunkorchester pflegte in seinen Gr\u00fcnderjahren prim\u00e4r die gehobene Unterhaltungsmusik, was sich unter anderem in unz\u00e4hligen Operetten-Gesamtaufnahmen zeigt. Sp\u00e4ter erweiterte es sein Repertoire in Richtung Oper. Von 1998 bis 2004 realisiert das Ensemble unter seinem damaligen Cjhefdirigenten Marcello Viotti anl\u00e4sslich des Jahrtausendwechsels auch einen Konzertzyklus mit geistlicher Musik des 20. Jahrhunderts. <em>(cf)<\/em><\/span><\/p>\n<p>\u00a0<\/p>\n","protected":false},"excerpt":{"rendered":"<p><span style=\"font-family: arial,helvetica,sans-serif; font-size: small;\">09.05.2016 &#8212; Der kroatische Dirigent Ivan Repu\u0161i\u0107 wird ab 2017 Chefdirigent des M\u00fcnchner Rundfunkorchesters. Er folgt damit auf Ulf Schirmer. Parallel dazu \u00fcbernimmt Repu\u0161i\u0107 in der kommenden Saison die Position des Generalmusikdirektors an der Staatsoper Hannover.<\/span><\/p>\n","protected":false},"author":1,"featured_media":0,"comment_status":"open","ping_status":"open","sticky":false,"template":"","format":"standard","meta":{"footnotes":""},"categories":[2],"tags":[],"class_list":["post-2878","post","type-post","status-publish","format-standard","hentry","category-nachrichten","entry"],"_links":{"self":[{"href":"https:\/\/codexflores.ch\/index.php\/wp-json\/wp\/v2\/posts\/2878","targetHints":{"allow":["GET"]}}],"collection":[{"href":"https:\/\/codexflores.ch\/index.php\/wp-json\/wp\/v2\/posts"}],"about":[{"href":"https:\/\/codexflores.ch\/index.php\/wp-json\/wp\/v2\/types\/post"}],"author":[{"embeddable":true,"href":"https:\/\/codexflores.ch\/index.php\/wp-json\/wp\/v2\/users\/1"}],"replies":[{"embeddable":true,"href":"https:\/\/codexflores.ch\/index.php\/wp-json\/wp\/v2\/comments?post=2878"}],"version-history":[{"count":0,"href":"https:\/\/codexflores.ch\/index.php\/wp-json\/wp\/v2\/posts\/2878\/revisions"}],"wp:attachment":[{"href":"https:\/\/codexflores.ch\/index.php\/wp-json\/wp\/v2\/media?parent=2878"}],"wp:term":[{"taxonomy":"category","embeddable":true,"href":"https:\/\/codexflores.ch\/index.php\/wp-json\/wp\/v2\/categories?post=2878"},{"taxonomy":"post_tag","embeddable":true,"href":"https:\/\/codexflores.ch\/index.php\/wp-json\/wp\/v2\/tags?post=2878"}],"curies":[{"name":"wp","href":"https:\/\/api.w.org\/{rel}","templated":true}]}}