{"id":2882,"date":"2016-05-11T06:03:53","date_gmt":"2016-05-11T06:03:53","guid":{"rendered":"https:\/\/codexflores.ch\/index.php\/2016\/05\/11\/libeskinds-frankfurter-konzertprojekt-one-day-in-life\/"},"modified":"2016-05-11T06:03:53","modified_gmt":"2016-05-11T06:03:53","slug":"libeskinds-frankfurter-konzertprojekt-one-day-in-life","status":"publish","type":"post","link":"https:\/\/codexflores.ch\/index.php\/2016\/05\/11\/libeskinds-frankfurter-konzertprojekt-one-day-in-life\/","title":{"rendered":"Libeskinds Frankfurter Konzertprojekt \u00abOne Day in Life\u00bb"},"content":{"rendered":"<p><span style=\"font-family: arial,helvetica,sans-serif; font-size: small;\">11.05.2016 &#8212; Eine 289 m\u00b2 grosse Installation des Architekten Daniel Libeskinds auf dem Frankfurter Opernplatz verweist auf ein ungew\u00f6hnliches Konzertevent:\u00a0\u00abOne Day in Life\u00bb will alle Konzertrituale der Klassiik hinter sich lassen.<\/span><\/p>\n<p><span style=\"font-family: arial,helvetica,sans-serif; font-size: small;\"><strong>11.05.2016 &#8212; Eine 289 m\u00b2 grosse Installation des Architekten Daniel Libeskinds auf dem Frankfurter Opernplatz verweist auf ein ungew\u00f6hnliches Konzertevent:\u00a0\u00abOne Day in Life\u00bb will alle Konzertrituale der Klassiik hinter sich lassen.<\/strong><\/span><\/p>\n<p><span style=\"font-family: arial,helvetica,sans-serif; font-size: small;\">\u00a0<\/span><\/p>\n<p><span style=\"font-family: arial,helvetica,sans-serif; font-size: small;\">Daniel Libeskind versteht sein Konzertprojekt als \u00abAufforderung, Orte der Stadt, musikalische Welten und Grunddimensionen des menschlichen Daseins auf ungewohnten Pfaden zu erkunden\u00bb \u2013 als ein \u00abMusical Labyrinth\u00bb. So nennt Libeskind auch seine Installation auf dem Frankfurter Opernplatz. Auf einer Fl\u00e4che von 17 mal 17 Metern wird mit einem versenkten Relief seine Original-Skizze, die im Zuge der Konzeption von \u00abOne Day in Life\u00bb entstanden ist, begehbar und erfahrbar.<\/span><\/p>\n<p>\u00a0<\/p>\n<p><span style=\"font-family: arial,helvetica,sans-serif; font-size: small;\">\u00abOne Day in Life\u00bb\u00a0gliedert sich in einzelne Konzertereignisse an verschiedenen Orten in Frankfurt. Jedes Programm wird am jeweiligen Ort im Abstand von je zwei Stunden mehrfach wiederholt. So l\u00e4sst sich von Station zu Station der musikalische Tag durchwandern. Wie viele Orte und Konzerte man besucht, entscheidet jeder selbst. Eine gut einst\u00fcndige Pause gibt genug Zeit, vom einen zum n\u00e4chsten Ort zu gelangen. Wer mag, l\u00e4sst w\u00e4hrend n\u00e4chtlicher (Musik-)Aktionen sogar die Nacht zum Tag werden.<\/span><\/p>\n<p>\u00a0<\/p>\n<p>\u00a0<\/p>\n<p><span style=\"font-family: arial,helvetica,sans-serif; font-size: small;\">Die Skizze verstehe sich nicht als konkreter Streckenplan, sondern \u00abals Sinnbild der Bewegung durch den Stadtraum, als Visualisierung einer unkonventionellen musikalischen Reise\u00bb. Passanten sind eingeladen, die tiefschwarze Fl\u00e4che zu betreten und mit der Installation zu interagieren. <em>(cf)<\/em> <\/span><\/p>\n<p><span style=\"font-family: arial,helvetica,sans-serif; font-size: small;\"><strong>Bild der Installation:<em><br \/><\/em><\/strong><a href=\"https:\/\/www.alteoper.de\/de\/die-alte-oper\/aktuelles\/index.php#news5100\" target=\"_blank\" rel=\"noopener noreferrer\">www.alteoper.de\/de\/die-alte-oper\/aktuelles\/index.php#news5100<\/a><\/span><em><br \/><\/em><\/p>\n","protected":false},"excerpt":{"rendered":"<p><span style=\"font-family: arial,helvetica,sans-serif; font-size: small;\">11.05.2016 &#8212; Eine 289 m\u00b2 grosse Installation des Architekten Daniel Libeskinds auf dem Frankfurter Opernplatz verweist auf ein ungew\u00f6hnliches Konzertevent:\u00a0\u00abOne Day in Life\u00bb will alle Konzertrituale der Klassiik hinter sich lassen.<\/span><\/p>\n","protected":false},"author":1,"featured_media":0,"comment_status":"open","ping_status":"open","sticky":false,"template":"","format":"standard","meta":{"footnotes":""},"categories":[2],"tags":[],"class_list":["post-2882","post","type-post","status-publish","format-standard","hentry","category-nachrichten","entry"],"_links":{"self":[{"href":"https:\/\/codexflores.ch\/index.php\/wp-json\/wp\/v2\/posts\/2882","targetHints":{"allow":["GET"]}}],"collection":[{"href":"https:\/\/codexflores.ch\/index.php\/wp-json\/wp\/v2\/posts"}],"about":[{"href":"https:\/\/codexflores.ch\/index.php\/wp-json\/wp\/v2\/types\/post"}],"author":[{"embeddable":true,"href":"https:\/\/codexflores.ch\/index.php\/wp-json\/wp\/v2\/users\/1"}],"replies":[{"embeddable":true,"href":"https:\/\/codexflores.ch\/index.php\/wp-json\/wp\/v2\/comments?post=2882"}],"version-history":[{"count":0,"href":"https:\/\/codexflores.ch\/index.php\/wp-json\/wp\/v2\/posts\/2882\/revisions"}],"wp:attachment":[{"href":"https:\/\/codexflores.ch\/index.php\/wp-json\/wp\/v2\/media?parent=2882"}],"wp:term":[{"taxonomy":"category","embeddable":true,"href":"https:\/\/codexflores.ch\/index.php\/wp-json\/wp\/v2\/categories?post=2882"},{"taxonomy":"post_tag","embeddable":true,"href":"https:\/\/codexflores.ch\/index.php\/wp-json\/wp\/v2\/tags?post=2882"}],"curies":[{"name":"wp","href":"https:\/\/api.w.org\/{rel}","templated":true}]}}