{"id":2883,"date":"2016-05-12T05:50:37","date_gmt":"2016-05-12T05:50:37","guid":{"rendered":"https:\/\/codexflores.ch\/index.php\/2016\/05\/12\/tod-des-oesterreichischen-geigers-klaus-maetzl\/"},"modified":"2016-05-12T05:50:37","modified_gmt":"2016-05-12T05:50:37","slug":"tod-des-oesterreichischen-geigers-klaus-maetzl","status":"publish","type":"post","link":"https:\/\/codexflores.ch\/index.php\/2016\/05\/12\/tod-des-oesterreichischen-geigers-klaus-maetzl\/","title":{"rendered":"Tod des \u00f6sterreichischen Geigers Klaus Maetzl"},"content":{"rendered":"<p><span style=\"font-family: arial,helvetica,sans-serif; font-size: small;\">12.05.2016 &#8212; Klaus Maetzl, Mitgr\u00fcnder des Alban-Berg-Quartetts und von 1967 bis 1970 Konzertmeister der Wiener Symphoniker, ist laut einer Meldung des Fachblattes \u00abThe Strad\u00bb im Alter von 75 Jahren verstorben.<\/span><\/p>\n<p>\u00a0<\/p>\n<p><span style=\"font-family: arial,helvetica,sans-serif; font-size: small;\"><strong>12.05.2016 &#8212; Klaus Maetzl, Mitgr\u00fcnder des Alban-Berg-Quartetts und von 1967 bis 1970 Konzertmeister der Wiener Symphoniker, ist laut einer Meldung des Fachblattes \u00abThe Strad\u00bb im Alter von 75 Jahren verstorben.<\/strong><\/span><\/p>\n<p>\u00a0<\/p>\n<p><span style=\"font-family: arial,helvetica,sans-serif; font-size: small;\">Maetzl studierte in Wien bei Franz Samohyl und sp\u00e4ter auch bei Max Rostal. 1959 war er Mitbegr\u00fcnder des Ensembles Die Wiener Solisten. Mitglied des Alban Berg Quartetts war er von 1970 bis 1977. Ab 1982 war er als Mitglied des Wiener Kammerensemble t\u00e4tig.<\/span><\/p>\n<p>\u00a0<\/p>\n<p><span style=\"font-family: arial,helvetica,sans-serif; font-size: small;\"> Maetzl gewann mehrere internationale Schallplattenpreise, unter anderen den Grand Prix du Disque. Seit 1971 war er Professor f\u00fcr Violine an der Universit\u00e4t f\u00fcr Musik und darstellende Kunst Wien. <em>(cf)<\/em><\/span><\/p>\n","protected":false},"excerpt":{"rendered":"<p><span style=\"font-family: arial,helvetica,sans-serif; font-size: small;\">12.05.2016 &#8212; Klaus Maetzl, Mitgr\u00fcnder des Alban-Berg-Quartetts und von 1967 bis 1970 Konzertmeister der Wiener Symphoniker, ist laut einer Meldung des Fachblattes \u00abThe Strad\u00bb im Alter von 75 Jahren verstorben.<\/span><\/p>\n","protected":false},"author":1,"featured_media":0,"comment_status":"open","ping_status":"open","sticky":false,"template":"","format":"standard","meta":{"footnotes":""},"categories":[2],"tags":[],"class_list":["post-2883","post","type-post","status-publish","format-standard","hentry","category-nachrichten","entry"],"_links":{"self":[{"href":"https:\/\/codexflores.ch\/index.php\/wp-json\/wp\/v2\/posts\/2883","targetHints":{"allow":["GET"]}}],"collection":[{"href":"https:\/\/codexflores.ch\/index.php\/wp-json\/wp\/v2\/posts"}],"about":[{"href":"https:\/\/codexflores.ch\/index.php\/wp-json\/wp\/v2\/types\/post"}],"author":[{"embeddable":true,"href":"https:\/\/codexflores.ch\/index.php\/wp-json\/wp\/v2\/users\/1"}],"replies":[{"embeddable":true,"href":"https:\/\/codexflores.ch\/index.php\/wp-json\/wp\/v2\/comments?post=2883"}],"version-history":[{"count":0,"href":"https:\/\/codexflores.ch\/index.php\/wp-json\/wp\/v2\/posts\/2883\/revisions"}],"wp:attachment":[{"href":"https:\/\/codexflores.ch\/index.php\/wp-json\/wp\/v2\/media?parent=2883"}],"wp:term":[{"taxonomy":"category","embeddable":true,"href":"https:\/\/codexflores.ch\/index.php\/wp-json\/wp\/v2\/categories?post=2883"},{"taxonomy":"post_tag","embeddable":true,"href":"https:\/\/codexflores.ch\/index.php\/wp-json\/wp\/v2\/tags?post=2883"}],"curies":[{"name":"wp","href":"https:\/\/api.w.org\/{rel}","templated":true}]}}