{"id":2885,"date":"2016-05-13T06:02:42","date_gmt":"2016-05-13T06:02:42","guid":{"rendered":"https:\/\/codexflores.ch\/index.php\/2016\/05\/13\/european-union-youth-orchestra-wird-aufgeloest\/"},"modified":"2016-05-13T06:02:42","modified_gmt":"2016-05-13T06:02:42","slug":"european-union-youth-orchestra-wird-aufgeloest","status":"publish","type":"post","link":"https:\/\/codexflores.ch\/index.php\/2016\/05\/13\/european-union-youth-orchestra-wird-aufgeloest\/","title":{"rendered":"European Union Youth Orchestra wird aufgel\u00f6st"},"content":{"rendered":"<p><span style=\"font-family: arial,helvetica,sans-serif; font-size: small;\">13.05.2016 &#8212; Wie das European Union Youth Orchestra selber mitteilt, soll es per Ende September dieses Jahres aufgel\u00f6st werden. Die EU hat ihre Finanzierung im Rahmen des Creative Europe Programms beendet.<\/span><\/p>\n<p><span style=\"font-family: arial,helvetica,sans-serif; font-size: small;\"><strong>13.05.2016 &#8212; Wie das European Union Youth Orchestra selber mitteilt, soll es per Ende September dieses Jahres aufgel\u00f6st werden. Die EU hat ihre Finanzierung im Rahmen des Creative Europe Programms beendet.<\/strong><\/span><\/p>\n<p><span style=\"font-family: arial,helvetica,sans-serif; font-size: small;\">\u00a0<\/span><\/p>\n<p><span style=\"font-family: arial,helvetica,sans-serif; font-size: small;\">Das European Union Youth Orchestra vereint die begabtesten Nachwuchsmusiker aus allen 27-EU-L\u00e4ndern mit dem Ziel, \u00abkulturelle Grenzen zu \u00fcberwinden und diesen Geist weltweit in seinen Konzerten zu verbreiten\u00bb.\u00a0Es wurde 1976 durch Lionel und Joy Bryer von der britischen Internationalen Jugendstiftung als Jugendorchester der Europ\u00e4ischen Gemeinschaft (European Community Youth Orchestra) gegr\u00fcndet. J\u00e4hrlich bewerben sich rund 4000 Kandidaten im Alter zwischen 14 und 24 Jahren aus den EU-L\u00e4ndern um einen Platz im Ensemble.<\/span><\/p>\n<p><span style=\"font-family: arial,helvetica,sans-serif; font-size: small;\">\u00a0<\/span><\/p>\n<p><span style=\"font-family: arial,helvetica,sans-serif; font-size: small;\">In der Schweiz ist das European Union Youth Orchestra eines der regelm\u00e4ssigen Gastorchester des Berner Oberl\u00e4nder Festivals interlaken Classics.\u00a0 <em>(cf)<\/em><\/span><\/p>\n<p><span style=\"font-family: arial,helvetica,sans-serif; font-size: small;\">\u00a0<\/span><\/p>\n<p>\u00a0<\/p>\n","protected":false},"excerpt":{"rendered":"<p><span style=\"font-family: arial,helvetica,sans-serif; font-size: small;\">13.05.2016 &#8212; Wie das European Union Youth Orchestra selber mitteilt, soll es per Ende September dieses Jahres aufgel\u00f6st werden. Die EU hat ihre Finanzierung im Rahmen des Creative Europe Programms beendet.<\/span><\/p>\n","protected":false},"author":1,"featured_media":0,"comment_status":"open","ping_status":"open","sticky":false,"template":"","format":"standard","meta":{"footnotes":""},"categories":[2],"tags":[],"class_list":["post-2885","post","type-post","status-publish","format-standard","hentry","category-nachrichten","entry"],"_links":{"self":[{"href":"https:\/\/codexflores.ch\/index.php\/wp-json\/wp\/v2\/posts\/2885","targetHints":{"allow":["GET"]}}],"collection":[{"href":"https:\/\/codexflores.ch\/index.php\/wp-json\/wp\/v2\/posts"}],"about":[{"href":"https:\/\/codexflores.ch\/index.php\/wp-json\/wp\/v2\/types\/post"}],"author":[{"embeddable":true,"href":"https:\/\/codexflores.ch\/index.php\/wp-json\/wp\/v2\/users\/1"}],"replies":[{"embeddable":true,"href":"https:\/\/codexflores.ch\/index.php\/wp-json\/wp\/v2\/comments?post=2885"}],"version-history":[{"count":0,"href":"https:\/\/codexflores.ch\/index.php\/wp-json\/wp\/v2\/posts\/2885\/revisions"}],"wp:attachment":[{"href":"https:\/\/codexflores.ch\/index.php\/wp-json\/wp\/v2\/media?parent=2885"}],"wp:term":[{"taxonomy":"category","embeddable":true,"href":"https:\/\/codexflores.ch\/index.php\/wp-json\/wp\/v2\/categories?post=2885"},{"taxonomy":"post_tag","embeddable":true,"href":"https:\/\/codexflores.ch\/index.php\/wp-json\/wp\/v2\/tags?post=2885"}],"curies":[{"name":"wp","href":"https:\/\/api.w.org\/{rel}","templated":true}]}}