{"id":2892,"date":"2016-05-19T06:14:44","date_gmt":"2016-05-19T06:14:44","guid":{"rendered":"https:\/\/codexflores.ch\/index.php\/2016\/05\/19\/patrick-lange-wird-gmd-in-wiesbaden\/"},"modified":"2016-05-19T06:14:44","modified_gmt":"2016-05-19T06:14:44","slug":"patrick-lange-wird-gmd-in-wiesbaden","status":"publish","type":"post","link":"https:\/\/codexflores.ch\/index.php\/2016\/05\/19\/patrick-lange-wird-gmd-in-wiesbaden\/","title":{"rendered":"Patrick Lange wird GMD in Wiesbaden"},"content":{"rendered":"<p><span style=\"font-family: arial,helvetica,sans-serif; font-size: small;\">19.05.2016 &#8212; Der 1981 im mittelfr\u00e4nkischen Roth geborene Patrick Lange, der unter anderem in Z\u00fcrich studierte und seine\u00a0Dirigentenkarriere in Z\u00fcrich und Luzern begann, wird Generalmusikdirektor in Wiesbaden \u2013 als Nachfolger von Zsolt Hamar.<\/span><\/p>\n<p>\u00a0<\/p>\n<p><strong><span style=\"font-family: arial,helvetica,sans-serif; font-size: small;\">19.05.2016 &#8212; Der 1981 im mittelfr\u00e4nkischen Roth geborene Patrick Lange, der unter anderem in Z\u00fcrich studierte und seine Dirigentenkarriere in Z\u00fcrich und Luzern begann, wird Generalmusikdirektor in Wiesbaden \u2013 als Nachfolger von Zsolt Hamar.<\/span><\/strong><\/p>\n<p><span style=\"font-family: arial,helvetica,sans-serif; font-size: small;\">\u00a0<\/span><\/p>\n<p><span style=\"font-family: arial,helvetica,sans-serif; font-size: small;\">Lange studierte an den Musikhochschulen in W\u00fcrzburg und Z\u00fcrich und wurde 2005 in das Dirigentenforum des Deutschen Musikrates aufgenommen. Claudio Abbado ernannte ihn im selben Jahr zum Assistenzdirigenten des Gustav Mahler Jugendorchesters. Als Assistent Abbados arbeitete er auch mit den Berliner Philharmonikern, dem Orchestra Mozart Bologna und dem Lucerne Festival Orchestra. <\/span><\/p>\n<p>\u00a0<\/p>\n<p><span style=\"font-family: arial,helvetica,sans-serif; font-size: small;\">2007 erhielt Patrick Lange den Europ\u00e4ischen Kulturpreis in der Kategorie F\u00f6rderpreis f\u00fcr junge Dirigenten, 2009 das erstmals verliehene Eugen-Jochum-Stipendium des Symphonieorchesters des Bayerischen Rundfunks. Seine Laufbahn als Operndirigent begann er in Z\u00fcrich und in Luzern. 2007 deb\u00fctierte er an der Komischen Oper Berlin. Ab 2008\/09 wirkte er dort als Erster Kapellmeister, im Mai 2010 erfolgte seine Ernennung zum Chefdirigenten des Hauses. Im November 2010 gab er sein Deb\u00fct an der Wiener Staatsoper. <em>(cf)\u00a0<\/em><\/span> <\/p>\n<p>\u00a0<\/p>\n<p>\u00a0<\/p>\n","protected":false},"excerpt":{"rendered":"<p><span style=\"font-family: arial,helvetica,sans-serif; font-size: small;\">19.05.2016 &#8212; Der 1981 im mittelfr\u00e4nkischen Roth geborene Patrick Lange, der unter anderem in Z\u00fcrich studierte und seine\u00a0Dirigentenkarriere in Z\u00fcrich und Luzern begann, wird Generalmusikdirektor in Wiesbaden \u2013 als Nachfolger von Zsolt Hamar.<\/span><\/p>\n","protected":false},"author":1,"featured_media":0,"comment_status":"open","ping_status":"open","sticky":false,"template":"","format":"standard","meta":{"footnotes":""},"categories":[2],"tags":[],"class_list":["post-2892","post","type-post","status-publish","format-standard","hentry","category-nachrichten","entry"],"_links":{"self":[{"href":"https:\/\/codexflores.ch\/index.php\/wp-json\/wp\/v2\/posts\/2892","targetHints":{"allow":["GET"]}}],"collection":[{"href":"https:\/\/codexflores.ch\/index.php\/wp-json\/wp\/v2\/posts"}],"about":[{"href":"https:\/\/codexflores.ch\/index.php\/wp-json\/wp\/v2\/types\/post"}],"author":[{"embeddable":true,"href":"https:\/\/codexflores.ch\/index.php\/wp-json\/wp\/v2\/users\/1"}],"replies":[{"embeddable":true,"href":"https:\/\/codexflores.ch\/index.php\/wp-json\/wp\/v2\/comments?post=2892"}],"version-history":[{"count":0,"href":"https:\/\/codexflores.ch\/index.php\/wp-json\/wp\/v2\/posts\/2892\/revisions"}],"wp:attachment":[{"href":"https:\/\/codexflores.ch\/index.php\/wp-json\/wp\/v2\/media?parent=2892"}],"wp:term":[{"taxonomy":"category","embeddable":true,"href":"https:\/\/codexflores.ch\/index.php\/wp-json\/wp\/v2\/categories?post=2892"},{"taxonomy":"post_tag","embeddable":true,"href":"https:\/\/codexflores.ch\/index.php\/wp-json\/wp\/v2\/tags?post=2892"}],"curies":[{"name":"wp","href":"https:\/\/api.w.org\/{rel}","templated":true}]}}