{"id":2893,"date":"2016-05-20T05:40:40","date_gmt":"2016-05-20T05:40:40","guid":{"rendered":"https:\/\/codexflores.ch\/index.php\/2016\/05\/20\/carp-und-marthaler-leiten-ruhrtriennale\/"},"modified":"2016-05-20T05:40:40","modified_gmt":"2016-05-20T05:40:40","slug":"carp-und-marthaler-leiten-ruhrtriennale","status":"publish","type":"post","link":"https:\/\/codexflores.ch\/index.php\/2016\/05\/20\/carp-und-marthaler-leiten-ruhrtriennale\/","title":{"rendered":"Carp und Marthaler leiten Ruhrtriennale"},"content":{"rendered":"<p><span style=\"font-family: arial,helvetica,sans-serif; font-size: small;\">20.05.2016 &#8212; Stefanie Carp wird neue Intendantin der Ruhrtriennale \u2013 im Duo mit Christoph Marthaler als Chef-Regisseur. Das Duo d\u00fcrfte vor allem den Z\u00fcrchern in lebhafter Erinnerung sein.<\/span><\/p>\n<p><span style=\"font-family: arial,helvetica,sans-serif; font-size: small;\"><strong>20.05.2016 &#8212; Stefanie Carp wird neue Intendantin der Ruhrtriennale \u2013 im Duo mit Christoph Marthaler als Chef-Regisseur. Das Duo d\u00fcrfte vor allem den Z\u00fcrchern in lebhafter Erinnerung sein.<\/strong><\/span><\/p>\n<p><span style=\"font-family: arial,helvetica,sans-serif; font-size: small;\">\u00a0<\/span><\/p>\n<p><span style=\"font-family: arial,helvetica,sans-serif; font-size: small;\">Die Dramaturgin und Festival-Direktorin Stefanie Carp \u00fcbernimmt ab 2018 f\u00fcr drei Jahre die Leitung des grossen Musik- und Theaterfestivals. Sie wird die Aufgabe im Team mit dem Schweizer Regisseur und Musiker Christoph Marthaler \u00fcbernehmen.<\/span><\/p>\n<p>\u00a0<\/p>\n<p><span style=\"font-family: arial,helvetica,sans-serif; font-size: small;\">Die geb\u00fcrtige Hamburgerin Stefanie Carp hat zuletzt mit Produktionsdramaturgien in verschiedenen k\u00fcnstlerischen Konstellationen in Hamburg, Z\u00fcrich, Athen und Berlin auf sich aufmerksam gemacht. Mehrfach wurde sie als Dramaturgin des Jahres ausgezeichnet.W\u00e4hrend der umstrittenen Zeit Marthalers als Direktor des Z\u00fcrcher Schauspielhauses war sie in den Jahren 2000 bis 2004 im Leitungsteam des Hauses.\u00a0 <\/span><\/p>\n<p>\u00a0<\/p>\n<p><span style=\"font-family: arial,helvetica,sans-serif; font-size: small;\">Marthaler inszenierte im vergangenen Jahr im Z\u00fcricher Opernhaus die Rossini-Oper \u00abIl viaggio a Reims\u00bb. Die Biennale von Venedig zeichnete ihn 2015 mit dem Goldenen L\u00f6wen f\u00fcr sein Lebenswerk aus.\u00a0 <em>(cf)<\/em><\/span><\/p>\n<p><span style=\"font-family: arial,helvetica,sans-serif; font-size: small;\">\u00a0<\/span><\/p>\n","protected":false},"excerpt":{"rendered":"<p><span style=\"font-family: arial,helvetica,sans-serif; font-size: small;\">20.05.2016 &#8212; Stefanie Carp wird neue Intendantin der Ruhrtriennale \u2013 im Duo mit Christoph Marthaler als Chef-Regisseur. Das Duo d\u00fcrfte vor allem den Z\u00fcrchern in lebhafter Erinnerung sein.<\/span><\/p>\n","protected":false},"author":1,"featured_media":0,"comment_status":"open","ping_status":"open","sticky":false,"template":"","format":"standard","meta":{"footnotes":""},"categories":[2],"tags":[],"class_list":["post-2893","post","type-post","status-publish","format-standard","hentry","category-nachrichten","entry"],"_links":{"self":[{"href":"https:\/\/codexflores.ch\/index.php\/wp-json\/wp\/v2\/posts\/2893","targetHints":{"allow":["GET"]}}],"collection":[{"href":"https:\/\/codexflores.ch\/index.php\/wp-json\/wp\/v2\/posts"}],"about":[{"href":"https:\/\/codexflores.ch\/index.php\/wp-json\/wp\/v2\/types\/post"}],"author":[{"embeddable":true,"href":"https:\/\/codexflores.ch\/index.php\/wp-json\/wp\/v2\/users\/1"}],"replies":[{"embeddable":true,"href":"https:\/\/codexflores.ch\/index.php\/wp-json\/wp\/v2\/comments?post=2893"}],"version-history":[{"count":0,"href":"https:\/\/codexflores.ch\/index.php\/wp-json\/wp\/v2\/posts\/2893\/revisions"}],"wp:attachment":[{"href":"https:\/\/codexflores.ch\/index.php\/wp-json\/wp\/v2\/media?parent=2893"}],"wp:term":[{"taxonomy":"category","embeddable":true,"href":"https:\/\/codexflores.ch\/index.php\/wp-json\/wp\/v2\/categories?post=2893"},{"taxonomy":"post_tag","embeddable":true,"href":"https:\/\/codexflores.ch\/index.php\/wp-json\/wp\/v2\/tags?post=2893"}],"curies":[{"name":"wp","href":"https:\/\/api.w.org\/{rel}","templated":true}]}}