{"id":2894,"date":"2016-05-23T06:06:03","date_gmt":"2016-05-23T06:06:03","guid":{"rendered":"https:\/\/codexflores.ch\/index.php\/2016\/05\/23\/zurueck-zum-normalbetrieb-in-bern\/"},"modified":"2016-05-23T06:06:03","modified_gmt":"2016-05-23T06:06:03","slug":"zurueck-zum-normalbetrieb-in-bern","status":"publish","type":"post","link":"https:\/\/codexflores.ch\/index.php\/2016\/05\/23\/zurueck-zum-normalbetrieb-in-bern\/","title":{"rendered":"Zur\u00fcck zum Normalbetrieb in Bern"},"content":{"rendered":"<p><span style=\"font-family: arial,helvetica,sans-serif; font-size: small;\">23.05.2016 &#8212; In Bern \u00f6ffnet mit Beginn der Saison 2016\/17 das neu renovierte Stadttheater. Gefeiert wird mit einer Doppelpremiere: mit Mozarts \u00abLe Nozze di Figaro\u00bb unter der musikalischen Leitung von Kevin John Edusei und mit \u00abCallas\u00bb in der Choreografie von Estefania Miranda.<\/span><\/p>\n<p>\u00a0<\/p>\n<p><span style=\"font-family: arial,helvetica,sans-serif; font-size: small;\"><strong>23.05.2016 &#8212; In Bern \u00f6ffnet mit Beginn der Saison 2016\/17 das neu renovierte Stadttheater. Gefeiert wird mit einer Doppelpremiere: mit Mozarts \u00abLe Nozze di Figaro\u00bb unter der musikalischen Leitung von Kevin John Edusei und mit \u00abCallas\u00bb in der Choreografie von Estefania Miranda.<\/strong><\/span><\/p>\n<p>\u00a0<\/p>\n<p><span style=\"font-family: arial,helvetica,sans-serif; font-size: small;\">Neben zahlreichen technischen Neuerungen, etwa der Umgestaltung der ehemaligen Garderobenbereiche zu grossz\u00fcgigen Foyers erh\u00e4lt das Stadttheater eine neue, komfortablere Bestuhlung mit mehr Beinfreiheit, die bis zu 687 Zuschauern Platz bietet. Die provisorische Spielst\u00e4tte, der \u00abKubus\u00bb\u00a0auf dem Waisenhausplatz, wird Mitte Oktober wieder abgebaut. <\/span><\/p>\n<p>\u00a0<\/p>\n<p><span style=\"font-family: arial,helvetica,sans-serif; font-size: small;\"> In der kommenden Saisoon pr\u00e4sentiert Konzert Theater Bern \u00fcber 25 Premieren, auch Auftragswerke, Ur- und Erstauff\u00fchrungen, darunter \u00abDie Vernichtung\u00bb von Regie-Shootingstar Ersan Mondtag und \u00abMondkreisl\u00e4ufer\u00bb, den dramatischen Erstling des Berner Dichters J\u00fcrg Halter. Das Berner Symphonieorchester (BSO) pr\u00e4sentiert Urauff\u00fchrungen von Urs Peter Schneider und Dieter Ammann. Zu den H\u00f6hepunkten z\u00e4hlt eine grosse China-Tournee im Mai 2017; zudem ist das BSO am Menuhin Festival Gstaad und den Murten Classics zu Gast. <em>(cf)<\/em><\/span><\/p>\n","protected":false},"excerpt":{"rendered":"<p><span style=\"font-family: arial,helvetica,sans-serif; font-size: small;\">23.05.2016 &#8212; In Bern \u00f6ffnet mit Beginn der Saison 2016\/17 das neu renovierte Stadttheater. Gefeiert wird mit einer Doppelpremiere: mit Mozarts \u00abLe Nozze di Figaro\u00bb unter der musikalischen Leitung von Kevin John Edusei und mit \u00abCallas\u00bb in der Choreografie von Estefania Miranda.<\/span><\/p>\n","protected":false},"author":1,"featured_media":0,"comment_status":"open","ping_status":"open","sticky":false,"template":"","format":"standard","meta":{"footnotes":""},"categories":[2],"tags":[],"class_list":["post-2894","post","type-post","status-publish","format-standard","hentry","category-nachrichten","entry"],"_links":{"self":[{"href":"https:\/\/codexflores.ch\/index.php\/wp-json\/wp\/v2\/posts\/2894","targetHints":{"allow":["GET"]}}],"collection":[{"href":"https:\/\/codexflores.ch\/index.php\/wp-json\/wp\/v2\/posts"}],"about":[{"href":"https:\/\/codexflores.ch\/index.php\/wp-json\/wp\/v2\/types\/post"}],"author":[{"embeddable":true,"href":"https:\/\/codexflores.ch\/index.php\/wp-json\/wp\/v2\/users\/1"}],"replies":[{"embeddable":true,"href":"https:\/\/codexflores.ch\/index.php\/wp-json\/wp\/v2\/comments?post=2894"}],"version-history":[{"count":0,"href":"https:\/\/codexflores.ch\/index.php\/wp-json\/wp\/v2\/posts\/2894\/revisions"}],"wp:attachment":[{"href":"https:\/\/codexflores.ch\/index.php\/wp-json\/wp\/v2\/media?parent=2894"}],"wp:term":[{"taxonomy":"category","embeddable":true,"href":"https:\/\/codexflores.ch\/index.php\/wp-json\/wp\/v2\/categories?post=2894"},{"taxonomy":"post_tag","embeddable":true,"href":"https:\/\/codexflores.ch\/index.php\/wp-json\/wp\/v2\/tags?post=2894"}],"curies":[{"name":"wp","href":"https:\/\/api.w.org\/{rel}","templated":true}]}}