{"id":2897,"date":"2016-05-24T05:48:44","date_gmt":"2016-05-24T05:48:44","guid":{"rendered":"https:\/\/codexflores.ch\/index.php\/2016\/05\/24\/ueberraschender-ausgang-der-thomaner-wahl\/"},"modified":"2016-05-24T05:48:44","modified_gmt":"2016-05-24T05:48:44","slug":"ueberraschender-ausgang-der-thomaner-wahl","status":"publish","type":"post","link":"https:\/\/codexflores.ch\/index.php\/2016\/05\/24\/ueberraschender-ausgang-der-thomaner-wahl\/","title":{"rendered":"\u00dcberraschender Ausgang der Thomaner-Wahl"},"content":{"rendered":"<p><span style=\"font-family: arial,helvetica,sans-serif; font-size: small;\">24.05.2016 &#8212; Im Findungsverfahren f\u00fcr die Nachfolge im Leipziger Thomaskantorat hat keiner der vier Probekandidaten ganz \u00fcberzeugen k\u00f6nnen. Die Findungskommission hat daher einstimmig die Beendigung des Verfahrens beschlossen.<\/span><\/p>\n<p>\u00a0<\/p>\n<p><span style=\"font-family: arial,helvetica,sans-serif; font-size: small;\"><strong>24.05.2016 &#8212; Im Findungsverfahren f\u00fcr die Nachfolge im Leipziger Thomaskantorat hat keiner der vier Probekandidaten ganz \u00fcberzeugen k\u00f6nnen. Die Findungskommission hat daher einstimmig die Beendigung des Verfahrens beschlossen.<\/strong><\/span><\/p>\n<p><span style=\"font-family: arial,helvetica,sans-serif; font-size: small;\">\u00a0<\/span><\/p>\n<p><span style=\"font-family: arial,helvetica,sans-serif; font-size: small;\">Die Findungskommission hat ebenfalls einstimmig Oberb\u00fcrgermeister Jung gebeten, der Ratsversammlung die Berufung von Gotthold Schwarz, des bisherigen Intermimsleiters des Chores in das Amt des Thomaskantors zu empfehlen. \u00a0<\/span><\/p>\n<p><span style=\"font-family: arial,helvetica,sans-serif; font-size: small;\">\u00a0<\/span><\/p>\n<p><span style=\"font-family: arial,helvetica,sans-serif; font-size: small;\">Der 1952 in Zwickau geborene Gotthold Schwarz war in den 1960er-Jahren selbst kurze Zeit Mitglied des Thomanerchores. In den 1970er-Jahren erhielt er seine kirchenmusikalische Ausbildung in Dresden und Leipzig. 1979 kehrte er als Stimmbildner zum Thomanerchor zur\u00fcck. Bereits seit den 1990er-Jahren vertrat er mehrfach den Thomaskantor, und seit der Amtsniederlegung von Thomaskantor Georg Christoph Biller im Februar 2015 ist er amtierender Thomaskantor.\u00a0<em>(cf)<\/em><\/span><\/p>\n","protected":false},"excerpt":{"rendered":"<p><span style=\"font-family: arial,helvetica,sans-serif; font-size: small;\">24.05.2016 &#8212; Im Findungsverfahren f\u00fcr die Nachfolge im Leipziger Thomaskantorat hat keiner der vier Probekandidaten ganz \u00fcberzeugen k\u00f6nnen. Die Findungskommission hat daher einstimmig die Beendigung des Verfahrens beschlossen.<\/span><\/p>\n","protected":false},"author":1,"featured_media":0,"comment_status":"open","ping_status":"open","sticky":false,"template":"","format":"standard","meta":{"footnotes":""},"categories":[2],"tags":[],"class_list":["post-2897","post","type-post","status-publish","format-standard","hentry","category-nachrichten","entry"],"_links":{"self":[{"href":"https:\/\/codexflores.ch\/index.php\/wp-json\/wp\/v2\/posts\/2897","targetHints":{"allow":["GET"]}}],"collection":[{"href":"https:\/\/codexflores.ch\/index.php\/wp-json\/wp\/v2\/posts"}],"about":[{"href":"https:\/\/codexflores.ch\/index.php\/wp-json\/wp\/v2\/types\/post"}],"author":[{"embeddable":true,"href":"https:\/\/codexflores.ch\/index.php\/wp-json\/wp\/v2\/users\/1"}],"replies":[{"embeddable":true,"href":"https:\/\/codexflores.ch\/index.php\/wp-json\/wp\/v2\/comments?post=2897"}],"version-history":[{"count":0,"href":"https:\/\/codexflores.ch\/index.php\/wp-json\/wp\/v2\/posts\/2897\/revisions"}],"wp:attachment":[{"href":"https:\/\/codexflores.ch\/index.php\/wp-json\/wp\/v2\/media?parent=2897"}],"wp:term":[{"taxonomy":"category","embeddable":true,"href":"https:\/\/codexflores.ch\/index.php\/wp-json\/wp\/v2\/categories?post=2897"},{"taxonomy":"post_tag","embeddable":true,"href":"https:\/\/codexflores.ch\/index.php\/wp-json\/wp\/v2\/tags?post=2897"}],"curies":[{"name":"wp","href":"https:\/\/api.w.org\/{rel}","templated":true}]}}