{"id":2898,"date":"2016-05-25T05:56:29","date_gmt":"2016-05-25T05:56:29","guid":{"rendered":"https:\/\/codexflores.ch\/index.php\/2016\/05\/25\/bilanz-des-forum-wallis-2016\/"},"modified":"2016-05-25T05:56:29","modified_gmt":"2016-05-25T05:56:29","slug":"bilanz-des-forum-wallis-2016","status":"publish","type":"post","link":"https:\/\/codexflores.ch\/index.php\/2016\/05\/25\/bilanz-des-forum-wallis-2016\/","title":{"rendered":"Bilanz des Forum Wallis 2016"},"content":{"rendered":"<p><span style=\"font-family: arial,helvetica,sans-serif; font-size: small;\">25.05.2016 &#8212; An den Anl\u00e4ssen des zehnten Forum Wallis erklangen Werke von mehr als 50 Komponisten aus \u00fcber 20 L\u00e4ndern. Die Veranstalter z\u00e4hlten rund 5700 Eintritte. So viele wie noch nie zuvor.<\/span><\/p>\n<p><span style=\"font-family: arial,helvetica,sans-serif; font-size: small;\"><strong>25.05.2016 &#8212; An den Anl\u00e4ssen des zehnten Forum Wallis erklangen Werke von mehr als 50 Komponisten aus \u00fcber 20 L\u00e4ndern. Die Veranstalter z\u00e4hlten rund 5700 Eintritte. So viele wie noch nie zuvor.<\/strong><\/span><\/p>\n<p><span style=\"font-family: arial,helvetica,sans-serif; font-size: small;\">\u00a0<\/span><\/p>\n<p><span style=\"font-family: arial,helvetica,sans-serif; font-size: small;\">Das Festival habe, schreiben die Verantwortlichen, auch medial internationale Resonanz erzielt \u2013 insbesondere dank einem\u00a0 internationalen Wettbewerb f\u00fcr akusmatische Musik. Das Team rund um den Festivalleiter Javier Hagen will nun das reichhaltige Dokumentationsmaterial der 10j\u00e4hrigen Festivalgeschichte (Video-, Tonaufnahmen, Fotografien, Essays) professionell aufzuarbeiten und in einem Archiv zusammenzufassen.<\/span><\/p>\n<p><span style=\"font-family: arial,helvetica,sans-serif; font-size: small;\">\u00a0<\/span><\/p>\n<p><span style=\"font-family: arial,helvetica,sans-serif; font-size: small;\">Das Rohmaterial sei in hoher Qualit\u00e4t verf\u00fcgbar und verspreche \u00abein faszinierendes Panoptikum der &#8218;cr\u00e9ation musicale&#8216; im Wallis an der Schwelle zum 21. Jahrhundert\u00bb. <em>(cf)<\/em><\/span><\/p>\n<p>\u00a0<\/p>\n<p><span style=\"font-family: arial,helvetica,sans-serif; font-size: small;\"><strong>Mehr Infos:<\/strong> <a href=\"http:\/\/www.forumwallis.ch\" target=\"_blank\" rel=\"noopener noreferrer\">www.forumwallis.ch<\/a><\/span><\/p>\n","protected":false},"excerpt":{"rendered":"<p><span style=\"font-family: arial,helvetica,sans-serif; font-size: small;\">25.05.2016 &#8212; An den Anl\u00e4ssen des zehnten Forum Wallis erklangen Werke von mehr als 50 Komponisten aus \u00fcber 20 L\u00e4ndern. Die Veranstalter z\u00e4hlten rund 5700 Eintritte. So viele wie noch nie zuvor.<\/span><\/p>\n","protected":false},"author":1,"featured_media":0,"comment_status":"open","ping_status":"open","sticky":false,"template":"","format":"standard","meta":{"footnotes":""},"categories":[2],"tags":[],"class_list":["post-2898","post","type-post","status-publish","format-standard","hentry","category-nachrichten","entry"],"_links":{"self":[{"href":"https:\/\/codexflores.ch\/index.php\/wp-json\/wp\/v2\/posts\/2898","targetHints":{"allow":["GET"]}}],"collection":[{"href":"https:\/\/codexflores.ch\/index.php\/wp-json\/wp\/v2\/posts"}],"about":[{"href":"https:\/\/codexflores.ch\/index.php\/wp-json\/wp\/v2\/types\/post"}],"author":[{"embeddable":true,"href":"https:\/\/codexflores.ch\/index.php\/wp-json\/wp\/v2\/users\/1"}],"replies":[{"embeddable":true,"href":"https:\/\/codexflores.ch\/index.php\/wp-json\/wp\/v2\/comments?post=2898"}],"version-history":[{"count":0,"href":"https:\/\/codexflores.ch\/index.php\/wp-json\/wp\/v2\/posts\/2898\/revisions"}],"wp:attachment":[{"href":"https:\/\/codexflores.ch\/index.php\/wp-json\/wp\/v2\/media?parent=2898"}],"wp:term":[{"taxonomy":"category","embeddable":true,"href":"https:\/\/codexflores.ch\/index.php\/wp-json\/wp\/v2\/categories?post=2898"},{"taxonomy":"post_tag","embeddable":true,"href":"https:\/\/codexflores.ch\/index.php\/wp-json\/wp\/v2\/tags?post=2898"}],"curies":[{"name":"wp","href":"https:\/\/api.w.org\/{rel}","templated":true}]}}