{"id":2899,"date":"2016-05-25T06:13:02","date_gmt":"2016-05-25T06:13:02","guid":{"rendered":"https:\/\/codexflores.ch\/index.php\/2016\/05\/25\/auch-das-luzerner-theater-erhaelt-eine-box\/"},"modified":"2016-05-25T06:13:02","modified_gmt":"2016-05-25T06:13:02","slug":"auch-das-luzerner-theater-erhaelt-eine-box","status":"publish","type":"post","link":"https:\/\/codexflores.ch\/index.php\/2016\/05\/25\/auch-das-luzerner-theater-erhaelt-eine-box\/","title":{"rendered":"Luzerner Theater er\u00f6ffnet Saison mit Nonos \u00abPrometeo\u00bb"},"content":{"rendered":"<p><span style=\"font-family: arial,helvetica,sans-serif; font-size: small;\">25.05.2016 &#8212; Konzert Theater Bern hat w\u00e4hrend Renovationsarbeiten mit einem \u00abKubus\u00bb auf eine provisorische Spielst\u00e4tte ausweichen m\u00fcssen. In Luzern soll mit einer \u00abBox\u00bb ebenfalls ein neuer urbaner Spielort errichtet werden.<\/span><\/p>\n<p><span style=\"font-family: arial,helvetica,sans-serif; font-size: small;\"><strong>25.05.2016 &#8212; Konzert Theater Bern hat w\u00e4hrend Renovationsarbeiten mit einem \u00abKubus\u00bb auf eine provisorische Spielst\u00e4tte ausweichen m\u00fcssen. In Luzern soll mit einer \u00abBox\u00bb ebenfalls ein neuer urbaner Spielort errichtet werden.<\/strong><\/span><\/p>\n<p><span style=\"font-family: arial,helvetica,sans-serif; font-size: small;\">\u00a0<\/span><\/p>\n<p><span style=\"font-family: arial,helvetica,sans-serif; font-size: small;\">Mit der \u00abBox\u00bb wird zwischen Jesuitenkirche und Theater ein 200 Quadratmeter grosser wandelbarer Spielort geschaffen, in dem sowohl experimentelle Theaterformen als auch Werke des klassischen Repertoires zu sehen sein werden. Der neue Raum soll aber auch ein Ort der Begegnung sein, ein \u00abkleiner Marktplatz der Ideen, des Denkens und F\u00fchlens und der Kunst\u00bb, wie das Luzerner Theater schreibt. W\u00e4hrend eines knapp f\u00fcnfw\u00f6chigen Auftakts werde das Theater mit der \u00abOpen Box\u00bb diese Bewegung erproben.<\/span><\/p>\n<p><span style=\"font-family: arial,helvetica,sans-serif; font-size: small;\">\u00a0<\/span><\/p>\n<p><span style=\"font-family: arial,helvetica,sans-serif; font-size: small;\">Die kommende Saison er\u00f6ffnet das Theater mit am 9. September 2016 mit Luigi Nonos \u00abPrometeo\u00bb, einer Kooperation mit Lucerne Festival, in einer szenischen Einrichtung Benedikt von Peters. Das Werk, das sonst nur an grossen Festivals gezeigt wird, findet am Luzerner Theater mit elf Vorstellungen ins Repertoiretheater.\u00a0 <em>(cf)<\/em><\/span><\/p>\n<p><span style=\"font-family: arial,helvetica,sans-serif; font-size: small;\"><em>\u00a0<\/em><\/span><\/p>\n<p><span style=\"font-family: arial,helvetica,sans-serif; font-size: small;\"><strong>Mehr Infos zur kommenden Saison:<\/strong> <a href=\"http:\/\/www.luzernertheater.ch\" target=\"_blank\" rel=\"noopener noreferrer\">www.luzernertheater.ch<\/a><\/span><\/p>\n","protected":false},"excerpt":{"rendered":"<p><span style=\"font-family: arial,helvetica,sans-serif; font-size: small;\">25.05.2016 &#8212; Konzert Theater Bern hat w\u00e4hrend Renovationsarbeiten mit einem \u00abKubus\u00bb auf eine provisorische Spielst\u00e4tte ausweichen m\u00fcssen. In Luzern soll mit einer \u00abBox\u00bb ebenfalls ein neuer urbaner Spielort errichtet werden.<\/span><\/p>\n","protected":false},"author":1,"featured_media":0,"comment_status":"open","ping_status":"open","sticky":false,"template":"","format":"standard","meta":{"footnotes":""},"categories":[2],"tags":[],"class_list":["post-2899","post","type-post","status-publish","format-standard","hentry","category-nachrichten","entry"],"_links":{"self":[{"href":"https:\/\/codexflores.ch\/index.php\/wp-json\/wp\/v2\/posts\/2899","targetHints":{"allow":["GET"]}}],"collection":[{"href":"https:\/\/codexflores.ch\/index.php\/wp-json\/wp\/v2\/posts"}],"about":[{"href":"https:\/\/codexflores.ch\/index.php\/wp-json\/wp\/v2\/types\/post"}],"author":[{"embeddable":true,"href":"https:\/\/codexflores.ch\/index.php\/wp-json\/wp\/v2\/users\/1"}],"replies":[{"embeddable":true,"href":"https:\/\/codexflores.ch\/index.php\/wp-json\/wp\/v2\/comments?post=2899"}],"version-history":[{"count":0,"href":"https:\/\/codexflores.ch\/index.php\/wp-json\/wp\/v2\/posts\/2899\/revisions"}],"wp:attachment":[{"href":"https:\/\/codexflores.ch\/index.php\/wp-json\/wp\/v2\/media?parent=2899"}],"wp:term":[{"taxonomy":"category","embeddable":true,"href":"https:\/\/codexflores.ch\/index.php\/wp-json\/wp\/v2\/categories?post=2899"},{"taxonomy":"post_tag","embeddable":true,"href":"https:\/\/codexflores.ch\/index.php\/wp-json\/wp\/v2\/tags?post=2899"}],"curies":[{"name":"wp","href":"https:\/\/api.w.org\/{rel}","templated":true}]}}