{"id":2900,"date":"2016-05-26T05:38:54","date_gmt":"2016-05-26T05:38:54","guid":{"rendered":"https:\/\/codexflores.ch\/index.php\/2016\/05\/26\/neuer-chefdirigent-der-goeteborger-symphoniker-heisst-rouvali\/"},"modified":"2016-05-26T05:38:54","modified_gmt":"2016-05-26T05:38:54","slug":"neuer-chefdirigent-der-goeteborger-symphoniker-heisst-rouvali","status":"publish","type":"post","link":"https:\/\/codexflores.ch\/index.php\/2016\/05\/26\/neuer-chefdirigent-der-goeteborger-symphoniker-heisst-rouvali\/","title":{"rendered":"Neuer Chefdirigent der G\u00f6teborger Symphoniker heisst Rouvali"},"content":{"rendered":"<p><span style=\"font-family: arial,helvetica,sans-serif; font-size: small;\">26.05.2016 &#8212; Santtu-Matias Rouvali wird zum Chefdirigenten der G\u00f6teborger Symphoniker, dem Schwedischen Nationalorchester ernannt. Der 30-J\u00e4hrige wird seine neue Position mit Beginn der Spielzeit 2017\/2018 antreten.<\/span><\/p>\n<p><span style=\"font-family: arial,helvetica,sans-serif; font-size: small;\"><strong>26.05.2016 &#8212; Santtu-Matias Rouvali wird zum Chefdirigenten der G\u00f6teborger Symphoniker, dem Schwedischen Nationalorchester ernannt. Der 30-J\u00e4hrige wird seine neue Position mit Beginn der Spielzeit 2017\/2018 antreten.<\/strong><\/span><\/p>\n<p><span style=\"font-family: arial,helvetica,sans-serif; font-size: small;\">\u00a0<\/span><\/p>\n<p><span style=\"font-family: arial,helvetica,sans-serif; font-size: small;\">Der 1985 geborene Santtu-Matias Rouvali ist Chefdirigent des Tampere Philharmonic Orchestra und Erster Gastdirigent des Copenhagen Philharmonic Orchestra.\u00a0<\/span><\/p>\n<p><span style=\"font-family: arial,helvetica,sans-serif; font-size: small;\">\u00a0<\/span><\/p>\n<p><span style=\"font-family: arial,helvetica,sans-serif; font-size: small;\">Rouvali wird bereits in der Saison 2016\/2017 f\u00fcr zwei Konzerte zu den G\u00f6teborger Symphonikern zur\u00fcckkehren: er wird im September 2016 Bart\u00f3ks Konzert f\u00fcr Orchester und Brahms\u2018 Klavierkonzert Nr. 1 mit Marc-Andr\u00e9 Hamelin dirigieren und im Mai 2017 Prokofjews Sinfonia Concertante mit Truls M\u00f8rk, dem Artist-in-Residence des Orchesters.<\/span><\/p>\n<p><span style=\"font-family: arial,helvetica,sans-serif; font-size: small;\">\u00a0<\/span><\/p>\n<p><span style=\"font-family: arial,helvetica,sans-serif; font-size: small;\">Gegr\u00fcndet 1905, verf\u00fcgen die G\u00f6teborger Symphoniker (G\u00f6teborgs Symfoniker) mittlerweile \u00fcber 109 Mitglieder. Seit 1997 darf das Orchester sich Schwedisches Nationalorchester nennen. W\u00e4hrend der Amtszeit von Neeme J\u00e4rvi (1982-2004) gewann es international an Bedeutung. <em>(cf)<\/em><\/span><\/p>\n<p>\u00a0<\/p>\n","protected":false},"excerpt":{"rendered":"<p><span style=\"font-family: arial,helvetica,sans-serif; font-size: small;\">26.05.2016 &#8212; Santtu-Matias Rouvali wird zum Chefdirigenten der G\u00f6teborger Symphoniker, dem Schwedischen Nationalorchester ernannt. Der 30-J\u00e4hrige wird seine neue Position mit Beginn der Spielzeit 2017\/2018 antreten.<\/span><\/p>\n","protected":false},"author":1,"featured_media":0,"comment_status":"open","ping_status":"open","sticky":false,"template":"","format":"standard","meta":{"footnotes":""},"categories":[2],"tags":[],"class_list":["post-2900","post","type-post","status-publish","format-standard","hentry","category-nachrichten","entry"],"_links":{"self":[{"href":"https:\/\/codexflores.ch\/index.php\/wp-json\/wp\/v2\/posts\/2900","targetHints":{"allow":["GET"]}}],"collection":[{"href":"https:\/\/codexflores.ch\/index.php\/wp-json\/wp\/v2\/posts"}],"about":[{"href":"https:\/\/codexflores.ch\/index.php\/wp-json\/wp\/v2\/types\/post"}],"author":[{"embeddable":true,"href":"https:\/\/codexflores.ch\/index.php\/wp-json\/wp\/v2\/users\/1"}],"replies":[{"embeddable":true,"href":"https:\/\/codexflores.ch\/index.php\/wp-json\/wp\/v2\/comments?post=2900"}],"version-history":[{"count":0,"href":"https:\/\/codexflores.ch\/index.php\/wp-json\/wp\/v2\/posts\/2900\/revisions"}],"wp:attachment":[{"href":"https:\/\/codexflores.ch\/index.php\/wp-json\/wp\/v2\/media?parent=2900"}],"wp:term":[{"taxonomy":"category","embeddable":true,"href":"https:\/\/codexflores.ch\/index.php\/wp-json\/wp\/v2\/categories?post=2900"},{"taxonomy":"post_tag","embeddable":true,"href":"https:\/\/codexflores.ch\/index.php\/wp-json\/wp\/v2\/tags?post=2900"}],"curies":[{"name":"wp","href":"https:\/\/api.w.org\/{rel}","templated":true}]}}