{"id":2902,"date":"2016-05-26T05:48:55","date_gmt":"2016-05-26T05:48:55","guid":{"rendered":"https:\/\/codexflores.ch\/index.php\/2016\/05\/26\/knapp-leitet-schweizerischen-tonkuenstlerverein\/"},"modified":"2016-05-26T05:48:55","modified_gmt":"2016-05-26T05:48:55","slug":"knapp-leitet-schweizerischen-tonkuenstlerverein","status":"publish","type":"post","link":"https:\/\/codexflores.ch\/index.php\/2016\/05\/26\/knapp-leitet-schweizerischen-tonkuenstlerverein\/","title":{"rendered":"Johannes Knapp wird Gesch\u00e4ftsf\u00fchrer des STV"},"content":{"rendered":"<p><span style=\"font-family: arial,helvetica,sans-serif; font-size: small;\">26.05.2016 &#8212; Der Schweizerische Tonk\u00fcnstlerverein (STV) hat mit dem 26-j\u00e4hrigen Johannes Knapp einen neuen Gesch\u00e4ftsf\u00fchrer. Er tritt zum 1. Juli 2016 die Nachfolge von Csaba K\u00e9z\u00e9r an, der den STV nach sieben Jahren verl\u00e4sst, um sich anderweitigen beruflichen Aufgaben zu widmen.<\/span><\/p>\n<p><span style=\"font-family: arial,helvetica,sans-serif; font-size: small;\"><strong>26.05.2016 &#8212; Der Schweizerische Tonk\u00fcnstlerverein (STV) hat mit dem 26-j\u00e4hrigen Johannes Knapp einen neuen Gesch\u00e4ftsf\u00fchrer. Er tritt zum 1. Juli 2016 die Nachfolge von Csaba K\u00e9z\u00e9r an, der den STV nach sieben Jahren verl\u00e4sst, um sich anderweitigen beruflichen Aufgaben zu widmen.<\/strong><\/span><\/p>\n<p><span style=\"font-family: arial,helvetica,sans-serif; font-size: small;\">\u00a0<\/span><\/p>\n<p><span style=\"font-family: arial,helvetica,sans-serif; font-size: small;\">Der 1990 geborene Johannes Knapp studierte Kulturmanagement, Violoncello, Philosophie und Musikwissenschaft und wurde 2013 zum K\u00fcnstlerischen Koordinator des STV ernannt. Zu seinen Aufgaben z\u00e4hlen seither unter anderem die allj\u00e4hrliche Planung und Durchf\u00fchrung der Tonk\u00fcnstlerfeste und die Vertretung des Vereins in der Arbeitgemeinschaft zur Verbreitung schweizerischer Musik sowie im Herausgebergremium der Zeitschrift <em>dissonance<\/em>. <\/span><\/p>\n<p>\u00a0<\/p>\n<p><span style=\"font-family: arial,helvetica,sans-serif; font-size: small;\">Neben seiner T\u00e4tigkeiten f\u00fcr den STV \u00fcbernahm er in der Gr\u00fcndungsphase die Gesch\u00e4ftsleitung von PAKT, einem im Sommer 2015 ins Leben gerufenen Netzwerk f\u00fcr zeitgen\u00f6ssische Musik in Bern. Dar\u00fcber amtete er als Pressereferent des Festivals Les Jardins Musicaux und als redaktioneller Mitarbeiter der Salzburg Biennale sowie des Schweizer Musikerverbands (SMV). <\/span><\/p>\n<p>\u00a0<\/p>\n<p><span style=\"font-family: arial,helvetica,sans-serif; font-size: small;\">Mit Knapp wird beim STV die k\u00fcnstlerische Planung auf personeller Ebene wieder mit der administrativen Gesamtleitung vereint. Die Stelle des K\u00fcnstlerischen Koordinators wird daher nicht neu besetzt, hingegen ist derzeit ein Posten mit einem 30%-Pensum f\u00fcr diverse Verwaltungsaufgaben ausgeschrieben.\u00a0 <em>(cf)<\/em><\/span><\/p>\n<p><span style=\"font-family: arial,helvetica,sans-serif; font-size: small;\">\u00a0<\/span><\/p>\n","protected":false},"excerpt":{"rendered":"<p><span style=\"font-family: arial,helvetica,sans-serif; font-size: small;\">26.05.2016 &#8212; Der Schweizerische Tonk\u00fcnstlerverein (STV) hat mit dem 26-j\u00e4hrigen Johannes Knapp einen neuen Gesch\u00e4ftsf\u00fchrer. Er tritt zum 1. Juli 2016 die Nachfolge von Csaba K\u00e9z\u00e9r an, der den STV nach sieben Jahren verl\u00e4sst, um sich anderweitigen beruflichen Aufgaben zu widmen.<\/span><\/p>\n","protected":false},"author":1,"featured_media":0,"comment_status":"open","ping_status":"open","sticky":false,"template":"","format":"standard","meta":{"footnotes":""},"categories":[2],"tags":[],"class_list":["post-2902","post","type-post","status-publish","format-standard","hentry","category-nachrichten","entry"],"_links":{"self":[{"href":"https:\/\/codexflores.ch\/index.php\/wp-json\/wp\/v2\/posts\/2902","targetHints":{"allow":["GET"]}}],"collection":[{"href":"https:\/\/codexflores.ch\/index.php\/wp-json\/wp\/v2\/posts"}],"about":[{"href":"https:\/\/codexflores.ch\/index.php\/wp-json\/wp\/v2\/types\/post"}],"author":[{"embeddable":true,"href":"https:\/\/codexflores.ch\/index.php\/wp-json\/wp\/v2\/users\/1"}],"replies":[{"embeddable":true,"href":"https:\/\/codexflores.ch\/index.php\/wp-json\/wp\/v2\/comments?post=2902"}],"version-history":[{"count":0,"href":"https:\/\/codexflores.ch\/index.php\/wp-json\/wp\/v2\/posts\/2902\/revisions"}],"wp:attachment":[{"href":"https:\/\/codexflores.ch\/index.php\/wp-json\/wp\/v2\/media?parent=2902"}],"wp:term":[{"taxonomy":"category","embeddable":true,"href":"https:\/\/codexflores.ch\/index.php\/wp-json\/wp\/v2\/categories?post=2902"},{"taxonomy":"post_tag","embeddable":true,"href":"https:\/\/codexflores.ch\/index.php\/wp-json\/wp\/v2\/tags?post=2902"}],"curies":[{"name":"wp","href":"https:\/\/api.w.org\/{rel}","templated":true}]}}