{"id":2903,"date":"2016-05-27T06:02:05","date_gmt":"2016-05-27T06:02:05","guid":{"rendered":"https:\/\/codexflores.ch\/index.php\/2016\/05\/27\/dubugnon-verklagt-orchestre-de-la-suisse-romande\/"},"modified":"2016-05-27T06:02:05","modified_gmt":"2016-05-27T06:02:05","slug":"dubugnon-verklagt-orchestre-de-la-suisse-romande","status":"publish","type":"post","link":"https:\/\/codexflores.ch\/index.php\/2016\/05\/27\/dubugnon-verklagt-orchestre-de-la-suisse-romande\/","title":{"rendered":"Dubugnon verklagt Orchestre de la Suisse romande"},"content":{"rendered":"<p><span style=\"font-family: arial,helvetica,sans-serif; font-size: small;\">27.05.2016 &#8212; Einem Artikel von \u00abLe Temps\u00bb zufolge will der Komponist Richard Dubugnon gerichtlich gegen das Orchestre de la Suisse romande (OSR) vorgehen, das Projekte mit ihm als Composer in Residence gestrichen habe.<\/span><\/p>\n<p><span style=\"font-family: arial,helvetica,sans-serif; font-size: small;\"><strong>27.05.2016 &#8212; Einem Artikel von \u00abLe Temps\u00bb zufolge will der Komponist Richard Dubugnon gerichtlich gegen das Orchestre de la Suisse romande (OSR) vorgehen, das Projekte mit ihm als Composer in Residence gestrichen habe.<\/strong><\/span><\/p>\n<p><span style=\"font-family: arial,helvetica,sans-serif; font-size: small;\">\u00a0<\/span><\/p>\n<p><span style=\"font-family: arial,helvetica,sans-serif; font-size: small;\">Wie Dubugnon der Zeitung gegen\u00fcber erkl\u00e4rt, habe der fr\u00fchere Gesch\u00e4ftsf\u00fchrer Miguel Esteban das gemeinsame Projekt angedacht, es aber nach seinem Abgang sistiert. Sein Nachfolger Henk Swinnen sei wieder darauf zur\u00fcckgekommen. Allerdings sei auch Swinnen ersetzt worden \u2013 ad interim durch Jean-Pierre Rousseau.<\/span><\/p>\n<p><span style=\"font-family: arial,helvetica,sans-serif; font-size: small;\">\u00a0<\/span><\/p>\n<p><span style=\"font-family: arial,helvetica,sans-serif; font-size: small;\">Das gemeinesame Projekt einer Residenz, das in den Brosch\u00fcren des OSR bereits angek\u00fcndigt worden sei, h\u00e4tte einen Kompositionsauftrag, eine CD, eine Werk f\u00fcr ein junges Publikum sowie Musiikvermittlungsprojekte umfasst. Nun hat das OSR angek\u00fcndigt, das Projekt ganz zu streichen. Laut der Stiftungspr\u00e4sidentin Florence Notter h\u00e4tten f\u00fcr die Zusammenarbeit bloss informelle Abmachungen zwischen Swinnen und Dubougnon bestanden. Das OSR habe aber andere Pl\u00e4ne. (cf)<\/span><\/p>\n<p><span style=\"font-family: arial,helvetica,sans-serif; font-size: small;\"><strong>Originalartikel<\/strong><\/span><br \/><span style=\"font-family: arial,helvetica,sans-serif; font-size: small;\"><a href=\"https:\/\/www.letemps.ch\/culture\/2016\/05\/26\/un-compositeur-attaque-orchestre-suisse-romande-justice%20\" target=\"_blank\" rel=\"noopener noreferrer\">https:\/\/www.letemps.ch\/culture\/2016\/05\/26\/un-compositeur-attaque-orchestre-suisse-romande-justice\u00a0<\/a><\/span><\/p>\n","protected":false},"excerpt":{"rendered":"<p><span style=\"font-family: arial,helvetica,sans-serif; font-size: small;\">27.05.2016 &#8212; Einem Artikel von \u00abLe Temps\u00bb zufolge will der Komponist Richard Dubugnon gerichtlich gegen das Orchestre de la Suisse romande (OSR) vorgehen, das Projekte mit ihm als Composer in Residence gestrichen habe.<\/span><\/p>\n","protected":false},"author":1,"featured_media":0,"comment_status":"open","ping_status":"open","sticky":false,"template":"","format":"standard","meta":{"footnotes":""},"categories":[2],"tags":[],"class_list":["post-2903","post","type-post","status-publish","format-standard","hentry","category-nachrichten","entry"],"_links":{"self":[{"href":"https:\/\/codexflores.ch\/index.php\/wp-json\/wp\/v2\/posts\/2903","targetHints":{"allow":["GET"]}}],"collection":[{"href":"https:\/\/codexflores.ch\/index.php\/wp-json\/wp\/v2\/posts"}],"about":[{"href":"https:\/\/codexflores.ch\/index.php\/wp-json\/wp\/v2\/types\/post"}],"author":[{"embeddable":true,"href":"https:\/\/codexflores.ch\/index.php\/wp-json\/wp\/v2\/users\/1"}],"replies":[{"embeddable":true,"href":"https:\/\/codexflores.ch\/index.php\/wp-json\/wp\/v2\/comments?post=2903"}],"version-history":[{"count":0,"href":"https:\/\/codexflores.ch\/index.php\/wp-json\/wp\/v2\/posts\/2903\/revisions"}],"wp:attachment":[{"href":"https:\/\/codexflores.ch\/index.php\/wp-json\/wp\/v2\/media?parent=2903"}],"wp:term":[{"taxonomy":"category","embeddable":true,"href":"https:\/\/codexflores.ch\/index.php\/wp-json\/wp\/v2\/categories?post=2903"},{"taxonomy":"post_tag","embeddable":true,"href":"https:\/\/codexflores.ch\/index.php\/wp-json\/wp\/v2\/tags?post=2903"}],"curies":[{"name":"wp","href":"https:\/\/api.w.org\/{rel}","templated":true}]}}