{"id":2907,"date":"2016-05-31T05:38:00","date_gmt":"2016-05-31T05:38:00","guid":{"rendered":"https:\/\/codexflores.ch\/index.php\/2016\/05\/31\/jubilaeumsausgabe-der-musik-kurswochen-arosa\/"},"modified":"2016-05-31T05:38:00","modified_gmt":"2016-05-31T05:38:00","slug":"jubilaeumsausgabe-der-musik-kurswochen-arosa","status":"publish","type":"post","link":"https:\/\/codexflores.ch\/index.php\/2016\/05\/31\/jubilaeumsausgabe-der-musik-kurswochen-arosa\/","title":{"rendered":"Jubil\u00e4umsausgabe der Musik-Kurswochen Arosa"},"content":{"rendered":"<p><span style=\"font-family: arial,helvetica,sans-serif; font-size: small;\">31.05.2016 &#8212; Zum 30-Jahr-Jubil\u00e4um der Musik-Kurswochen Arosa haben sich per Ende Mai laut den Veranstaltern 1220 Teilnehmende angemeldet. Die Veranstalter erwarten ein Rekordjahr.<\/span><\/p>\n<p>\u00a0<\/p>\n<p><span style=\"font-family: arial,helvetica,sans-serif; font-size: small;\"><strong>31.05.2016 &#8212; Zum 30-Jahr-Jubil\u00e4um der Musik-Kurswochen Arosa haben sich per Ende Mai laut den Veranstaltern 1220 Teilnehmende angemeldet. Die Veranstalter erwarten ein Rekordjahr.<\/strong><\/span><\/p>\n<p>\u00a0<\/p>\n<p><span style=\"font-family: arial,helvetica,sans-serif; font-size: small;\">Die Musik-Kurswochen Arosa hat der Verein Arosa Kultur vor 30 Jahren zur Belebung der touristischen Sommersaison ins Leben gerufen. Im ersten machten f\u00fcnfzig Leute vom neuen Angebot Gebrauch. F\u00fcr die mittlerweile \u00fcber 100 ein- bis zweiw\u00f6chigen Kurse haben sich per Ende Mai bereits \u00fcber 1200 Laienmusikerinnen und -musiker sowie Studierende angemeldet. <\/span><\/p>\n<p>\u00a0<\/p>\n<p><span style=\"font-family: arial,helvetica,sans-serif; font-size: small;\">Damit werden die Vorjahreszahlen laut der Mitteilung um \u00fcber 10 Prozent \u00fcbertroffen. Da nach wie vor Anmeldungen eintreffen, d\u00fcrfte der Teilnehmerrekord von 1300 Teilnehmenden aus dem Jahre 2013 deutlich \u00fcbertroffen werden. F\u00fcr den Unterricht stehen fast 250 Lehrkr\u00e4fte im Einsatz. <\/span><\/p>\n<p>\u00a0<\/p>\n<p><span style=\"font-family: arial,helvetica,sans-serif; font-size: small;\">Das Kursangebot richtet sich nicht nur an Berufsmusiker und Studierende, sondern vor allem an Laien. Besonders gefragt seien in diesem Jahr neben den verschiedenen Chor- und Orchesterwochen das Panfl\u00f6tenseminar von J\u00f6ri Murk (rund 100 Teilnehmende) und die Volksmusikkurse. Allein f\u00fcr die Alphornkurswoche haben sich 50 Leute angemeldet. <\/span><\/p>\n<p>\u00a0<\/p>\n<p><span style=\"font-family: arial,helvetica,sans-serif; font-size: small;\">Mehr Infos: <a href=\"http:\/\/www.musikkurswochen.ch\" target=\"_blank\" rel=\"noopener noreferrer\">www.musikkurswochen.ch<\/a><\/span><\/p>\n","protected":false},"excerpt":{"rendered":"<p><span style=\"font-family: arial,helvetica,sans-serif; font-size: small;\">31.05.2016 &#8212; Zum 30-Jahr-Jubil\u00e4um der Musik-Kurswochen Arosa haben sich per Ende Mai laut den Veranstaltern 1220 Teilnehmende angemeldet. Die Veranstalter erwarten ein Rekordjahr.<\/span><\/p>\n","protected":false},"author":1,"featured_media":0,"comment_status":"open","ping_status":"open","sticky":false,"template":"","format":"standard","meta":{"footnotes":""},"categories":[2],"tags":[],"class_list":["post-2907","post","type-post","status-publish","format-standard","hentry","category-nachrichten","entry"],"_links":{"self":[{"href":"https:\/\/codexflores.ch\/index.php\/wp-json\/wp\/v2\/posts\/2907","targetHints":{"allow":["GET"]}}],"collection":[{"href":"https:\/\/codexflores.ch\/index.php\/wp-json\/wp\/v2\/posts"}],"about":[{"href":"https:\/\/codexflores.ch\/index.php\/wp-json\/wp\/v2\/types\/post"}],"author":[{"embeddable":true,"href":"https:\/\/codexflores.ch\/index.php\/wp-json\/wp\/v2\/users\/1"}],"replies":[{"embeddable":true,"href":"https:\/\/codexflores.ch\/index.php\/wp-json\/wp\/v2\/comments?post=2907"}],"version-history":[{"count":0,"href":"https:\/\/codexflores.ch\/index.php\/wp-json\/wp\/v2\/posts\/2907\/revisions"}],"wp:attachment":[{"href":"https:\/\/codexflores.ch\/index.php\/wp-json\/wp\/v2\/media?parent=2907"}],"wp:term":[{"taxonomy":"category","embeddable":true,"href":"https:\/\/codexflores.ch\/index.php\/wp-json\/wp\/v2\/categories?post=2907"},{"taxonomy":"post_tag","embeddable":true,"href":"https:\/\/codexflores.ch\/index.php\/wp-json\/wp\/v2\/tags?post=2907"}],"curies":[{"name":"wp","href":"https:\/\/api.w.org\/{rel}","templated":true}]}}