{"id":2910,"date":"2016-06-02T06:04:33","date_gmt":"2016-06-02T06:04:33","guid":{"rendered":"https:\/\/codexflores.ch\/index.php\/2016\/06\/02\/europaeische-kommission-will-euyo-nicht-fallen-lassen\/"},"modified":"2016-06-02T06:04:33","modified_gmt":"2016-06-02T06:04:33","slug":"europaeische-kommission-will-euyo-nicht-fallen-lassen","status":"publish","type":"post","link":"https:\/\/codexflores.ch\/index.php\/2016\/06\/02\/europaeische-kommission-will-euyo-nicht-fallen-lassen\/","title":{"rendered":"Europ\u00e4ische Kommission will EUYO nicht fallen lassen"},"content":{"rendered":"<p><span style=\"font-family: arial,helvetica,sans-serif; font-size: small;\">02.06.2016 &#8212; Laut einer Meldung des Europ\u00e4ischen Jugendorchesters hat EU-Kommissionspr\u00e4sident Jean-Claude Juncker M\u00f6glichkeiten gefunden, das Ensemble weiterhin zu finanzieren. Vorerst zumindest.<\/span><\/p>\n<p><span style=\"font-family: arial,helvetica,sans-serif; font-size: small;\"><strong>02.06.2016 &#8212; Laut einer Meldung des Europ\u00e4ischen Jugendorchesters hat EU-Kommissionspr\u00e4sident Jean-Claude Juncker M\u00f6glichkeiten gefunden, das Ensemble weiterhin zu finanzieren. Vorerst zumindest.<\/strong><\/span><\/p>\n<p><span style=\"font-family: arial,helvetica,sans-serif; font-size: small;\">\u00a0<\/span><\/p>\n<p><span style=\"font-family: arial,helvetica,sans-serif; font-size: small;\">Das European Union Youth Orchestra (EUYO) soll kurzfristig mit 600&#8217;000 Euro aus dem EU-Budget gest\u00fctzt werden. Eine Finanzierung des EUYO f\u00fcr 2017 soll ebenfalls gesichert sein. F\u00fcr die l\u00e4ngerfristige Finanzierung wollen die EU-Kommission und das Europaparlament sp\u00e4ter eine L\u00f6sung finden.<\/span><\/p>\n<p><span style=\"font-family: arial,helvetica,sans-serif; font-size: small;\">\u00a0<\/span><\/p>\n<p><span style=\"font-family: arial,helvetica,sans-serif; font-size: small;\">Im Mai hatte das European Union Youth Orchestra erkl\u00e4rt, es m\u00fcsse seine Aktivit\u00e4ten per Ende September dieses Jahres aufgeben, weil die EU ihre Finanzierung im Rahmen des Creative Europe Programms beende.\u00a0 <em>(cf)<\/em><\/span><\/p>\n<p>\u00a0<\/p>\n","protected":false},"excerpt":{"rendered":"<p><span style=\"font-family: arial,helvetica,sans-serif; font-size: small;\">02.06.2016 &#8212; Laut einer Meldung des Europ\u00e4ischen Jugendorchesters hat EU-Kommissionspr\u00e4sident Jean-Claude Juncker M\u00f6glichkeiten gefunden, das Ensemble weiterhin zu finanzieren. Vorerst zumindest.<\/span><\/p>\n","protected":false},"author":1,"featured_media":0,"comment_status":"open","ping_status":"open","sticky":false,"template":"","format":"standard","meta":{"footnotes":""},"categories":[2],"tags":[],"class_list":["post-2910","post","type-post","status-publish","format-standard","hentry","category-nachrichten","entry"],"_links":{"self":[{"href":"https:\/\/codexflores.ch\/index.php\/wp-json\/wp\/v2\/posts\/2910","targetHints":{"allow":["GET"]}}],"collection":[{"href":"https:\/\/codexflores.ch\/index.php\/wp-json\/wp\/v2\/posts"}],"about":[{"href":"https:\/\/codexflores.ch\/index.php\/wp-json\/wp\/v2\/types\/post"}],"author":[{"embeddable":true,"href":"https:\/\/codexflores.ch\/index.php\/wp-json\/wp\/v2\/users\/1"}],"replies":[{"embeddable":true,"href":"https:\/\/codexflores.ch\/index.php\/wp-json\/wp\/v2\/comments?post=2910"}],"version-history":[{"count":0,"href":"https:\/\/codexflores.ch\/index.php\/wp-json\/wp\/v2\/posts\/2910\/revisions"}],"wp:attachment":[{"href":"https:\/\/codexflores.ch\/index.php\/wp-json\/wp\/v2\/media?parent=2910"}],"wp:term":[{"taxonomy":"category","embeddable":true,"href":"https:\/\/codexflores.ch\/index.php\/wp-json\/wp\/v2\/categories?post=2910"},{"taxonomy":"post_tag","embeddable":true,"href":"https:\/\/codexflores.ch\/index.php\/wp-json\/wp\/v2\/tags?post=2910"}],"curies":[{"name":"wp","href":"https:\/\/api.w.org\/{rel}","templated":true}]}}