{"id":2914,"date":"2016-06-06T05:53:26","date_gmt":"2016-06-06T05:53:26","guid":{"rendered":"https:\/\/codexflores.ch\/index.php\/2016\/06\/06\/bilanz-der-schwetzinger-festspiele-2016\/"},"modified":"2016-06-06T05:53:26","modified_gmt":"2016-06-06T05:53:26","slug":"bilanz-der-schwetzinger-festspiele-2016","status":"publish","type":"post","link":"https:\/\/codexflores.ch\/index.php\/2016\/06\/06\/bilanz-der-schwetzinger-festspiele-2016\/","title":{"rendered":"Bilanz der Schwetzinger Festspiele 2016"},"content":{"rendered":"<p><span style=\"font-family: arial,helvetica,sans-serif; font-size: small;\">06.06.2016 &#8212; Die diesj\u00e4hrigen Schwetzinger Festspiele sind zu Ende. Mit \u00fcber 40 Konzertveranstaltungen, einer Opern-Urauff\u00fchrung und der deutschen Erstauff\u00fchrung einer fr\u00fchen Barock-Oper generierte der Anlass rund 17&#8217;500 Eintritte.<\/span><\/p>\n<p><span style=\"font-family: arial,helvetica,sans-serif; font-size: small;\"><strong>06.06.2016 &#8212; Die diesj\u00e4hrigen Schwetzinger Festspiele sind zu Ende. Mit \u00fcber 40 Konzertveranstaltungen, einer Opern-Urauff\u00fchrung und der deutschen Erstauff\u00fchrung einer fr\u00fchen Barock-Oper generierte der Anlass rund 17&#8217;500 Eintritte.<\/strong><\/span><\/p>\n<p><span style=\"font-family: arial,helvetica,sans-serif; font-size: small;\">\u00a0<\/span><\/p>\n<p><span style=\"font-family: arial,helvetica,sans-serif; font-size: small;\">Wie jedes Jahr wurden alle Veranstaltungen von SWR2 aufgezeichnet und live, zeitversetzt oder zu einem sp\u00e4teren Zeitpunkt gesendet. Zahlreiche Konzerte werden ausserdem \u00fcber Deutschland und Europa hinaus in der ganzen Welt ausgestrahlt, was die Schwetzinger SWR Festspiele nach wie vor zum gr\u00f6ssten Radio-Festival weltweit mache, schreiben die Veranstalter.<\/span><\/p>\n<p><span style=\"font-family: arial,helvetica,sans-serif; font-size: small;\">\u00a0<\/span><\/p>\n<p><span style=\"font-family: arial,helvetica,sans-serif; font-size: small;\">Zwei Konzerte werden in den kommenden Wochen auf der Homepage der Festspiele abrufbar sein: Das Abschlusskonzert der Hofmusik-Akademie unter der Leitung von Midori Seiler und Jaap ter Linden sowie das Schwetzinger Deb\u00fct des vision string quartet.\u00a0Auf Arte Concert wurde das Konzert von Anna Prohaska &amp; Freunden live in Ton und Bild \u00fcbertragen. Es ist aktuell noch \u00fcber weitere hundert Tage nachh\u00f6r- und sehbar.<\/span><\/p>\n<p><span style=\"font-family: arial,helvetica,sans-serif; font-size: small;\">\u00a0<\/span><\/p>\n<p><span style=\"font-family: arial,helvetica,sans-serif; font-size: small;\">Die 66. Schwetzinger SWR Festspiele finden vom 28. April bis 27. Mai 2017 statt. Er\u00f6ffnet wird die Saison mit der Urauff\u00fchrung der Musiktheaterproduktion \u00abTre volti\u00bb von Annette Schl\u00fcnz und Jeremias Schwarzer auf ein Libretto von Ulrike Draesner. <em>(cf)<\/em><\/span><\/p>\n<p>\u00a0<\/p>\n","protected":false},"excerpt":{"rendered":"<p><span style=\"font-family: arial,helvetica,sans-serif; font-size: small;\">06.06.2016 &#8212; Die diesj\u00e4hrigen Schwetzinger Festspiele sind zu Ende. Mit \u00fcber 40 Konzertveranstaltungen, einer Opern-Urauff\u00fchrung und der deutschen Erstauff\u00fchrung einer fr\u00fchen Barock-Oper generierte der Anlass rund 17&#8217;500 Eintritte.<\/span><\/p>\n","protected":false},"author":1,"featured_media":0,"comment_status":"open","ping_status":"open","sticky":false,"template":"","format":"standard","meta":{"footnotes":""},"categories":[2],"tags":[],"class_list":["post-2914","post","type-post","status-publish","format-standard","hentry","category-nachrichten","entry"],"_links":{"self":[{"href":"https:\/\/codexflores.ch\/index.php\/wp-json\/wp\/v2\/posts\/2914","targetHints":{"allow":["GET"]}}],"collection":[{"href":"https:\/\/codexflores.ch\/index.php\/wp-json\/wp\/v2\/posts"}],"about":[{"href":"https:\/\/codexflores.ch\/index.php\/wp-json\/wp\/v2\/types\/post"}],"author":[{"embeddable":true,"href":"https:\/\/codexflores.ch\/index.php\/wp-json\/wp\/v2\/users\/1"}],"replies":[{"embeddable":true,"href":"https:\/\/codexflores.ch\/index.php\/wp-json\/wp\/v2\/comments?post=2914"}],"version-history":[{"count":0,"href":"https:\/\/codexflores.ch\/index.php\/wp-json\/wp\/v2\/posts\/2914\/revisions"}],"wp:attachment":[{"href":"https:\/\/codexflores.ch\/index.php\/wp-json\/wp\/v2\/media?parent=2914"}],"wp:term":[{"taxonomy":"category","embeddable":true,"href":"https:\/\/codexflores.ch\/index.php\/wp-json\/wp\/v2\/categories?post=2914"},{"taxonomy":"post_tag","embeddable":true,"href":"https:\/\/codexflores.ch\/index.php\/wp-json\/wp\/v2\/tags?post=2914"}],"curies":[{"name":"wp","href":"https:\/\/api.w.org\/{rel}","templated":true}]}}