{"id":2915,"date":"2016-06-06T06:02:39","date_gmt":"2016-06-06T06:02:39","guid":{"rendered":"https:\/\/codexflores.ch\/index.php\/2016\/06\/06\/zuercher-sagen-ja-zur-tonhalle-renovation\/"},"modified":"2016-06-06T06:02:39","modified_gmt":"2016-06-06T06:02:39","slug":"zuercher-sagen-ja-zur-tonhalle-renovation","status":"publish","type":"post","link":"https:\/\/codexflores.ch\/index.php\/2016\/06\/06\/zuercher-sagen-ja-zur-tonhalle-renovation\/","title":{"rendered":"Z\u00fcrcher sagen Ja zur Tonhalle-Renovation"},"content":{"rendered":"<p><span style=\"font-family: arial,helvetica,sans-serif; font-size: small;\">06.06.2016 &#8212; Die Z\u00fcrcher Tonhalle und das benachbarte Kongresshaus k\u00f6nnnen renoviert werden. Das Z\u00fcrcher Stimmvolk hat entsprechenden Massnahmen mit 75 Prozent Ja-Stimmen \u00fcberaus deutlich zugestimmt.<\/span><\/p>\n<p><span style=\"font-family: arial,helvetica,sans-serif; font-size: small;\"><strong>06.06.2016 &#8212; Die Z\u00fcrcher Tonhalle und das benachbarte Kongresshaus k\u00f6nnnen renoviert werden. Das Z\u00fcrcher Stimmvolk hat entsprechenden Massnahmen mit 75 Prozent Ja-Stimmen \u00fcberaus deutlich zugestimmt.<\/strong><\/span><\/p>\n<p><span style=\"font-family: arial,helvetica,sans-serif; font-size: small;\">\u00a0<\/span><\/p>\n<p><span style=\"font-family: arial,helvetica,sans-serif; font-size: small;\">Die Tonhalle-Gesellschaft Z\u00fcrich schreibt in einer Stellungnahme, damit seien die Voraussetzungen geschaffen, dass das Haus am See sowohl f\u00fcr erstklassige Konzerte als auch f\u00fcr Kongresse auf Jahrzehnte gesichert seien. F\u00fcr die Zwischensaisons seien s\u00e4mtliche Vorarbeiten so vorangetrieben worden, dass einer zeitgerechten Erstellung des Konzertsaals im Maag-Areal nichts entgegenstehe. <\/span><\/p>\n<p><span style=\"font-family: arial,helvetica,sans-serif; font-size: small;\">\u00a0<\/span><\/p>\n<p><span style=\"font-family: arial,helvetica,sans-serif; font-size: small;\">Abgestimmt worden ist in Z\u00fcrich \u00fcber die Instandsetzung und den Umbau von Kongresshaus und Tonhalle (165 Millionen Franken), einen Beitrag an das Tonhalle-Provisorium (h\u00f6chstens 1,65 Millionen Franken) sowie eine Entschuldung der bestehenden Tr\u00e4gerschaft des Kongresshauses (72,8 Millionen Franken) mit Ausgaben von insgesamt 239,45 Millionen Franken. Genehmigt worden ist mit dem Ja auch eine Grundst\u00fccks\u00fcbertragung, ein j\u00e4hrlicher Beitrag an die Kongresshaus-Stiftung von h\u00f6chstens 2,9 Millionen Franken und eine Erh\u00f6hung des j\u00e4hrlichen Beitrags an die Tonhalle-Gesellschaft um 2,5 Millionen Franken. <em>(cf)<\/em> \u00a0<\/span><\/p>\n","protected":false},"excerpt":{"rendered":"<p><span style=\"font-family: arial,helvetica,sans-serif; font-size: small;\">06.06.2016 &#8212; Die Z\u00fcrcher Tonhalle und das benachbarte Kongresshaus k\u00f6nnnen renoviert werden. Das Z\u00fcrcher Stimmvolk hat entsprechenden Massnahmen mit 75 Prozent Ja-Stimmen \u00fcberaus deutlich zugestimmt.<\/span><\/p>\n","protected":false},"author":1,"featured_media":0,"comment_status":"open","ping_status":"open","sticky":false,"template":"","format":"standard","meta":{"footnotes":""},"categories":[2],"tags":[],"class_list":["post-2915","post","type-post","status-publish","format-standard","hentry","category-nachrichten","entry"],"_links":{"self":[{"href":"https:\/\/codexflores.ch\/index.php\/wp-json\/wp\/v2\/posts\/2915","targetHints":{"allow":["GET"]}}],"collection":[{"href":"https:\/\/codexflores.ch\/index.php\/wp-json\/wp\/v2\/posts"}],"about":[{"href":"https:\/\/codexflores.ch\/index.php\/wp-json\/wp\/v2\/types\/post"}],"author":[{"embeddable":true,"href":"https:\/\/codexflores.ch\/index.php\/wp-json\/wp\/v2\/users\/1"}],"replies":[{"embeddable":true,"href":"https:\/\/codexflores.ch\/index.php\/wp-json\/wp\/v2\/comments?post=2915"}],"version-history":[{"count":0,"href":"https:\/\/codexflores.ch\/index.php\/wp-json\/wp\/v2\/posts\/2915\/revisions"}],"wp:attachment":[{"href":"https:\/\/codexflores.ch\/index.php\/wp-json\/wp\/v2\/media?parent=2915"}],"wp:term":[{"taxonomy":"category","embeddable":true,"href":"https:\/\/codexflores.ch\/index.php\/wp-json\/wp\/v2\/categories?post=2915"},{"taxonomy":"post_tag","embeddable":true,"href":"https:\/\/codexflores.ch\/index.php\/wp-json\/wp\/v2\/tags?post=2915"}],"curies":[{"name":"wp","href":"https:\/\/api.w.org\/{rel}","templated":true}]}}