{"id":2917,"date":"2016-06-07T05:50:36","date_gmt":"2016-06-07T05:50:36","guid":{"rendered":"https:\/\/codexflores.ch\/index.php\/2016\/06\/07\/unsichere-zukunft-des-moers-festivals\/"},"modified":"2016-06-07T05:50:36","modified_gmt":"2016-06-07T05:50:36","slug":"unsichere-zukunft-des-moers-festivals","status":"publish","type":"post","link":"https:\/\/codexflores.ch\/index.php\/2016\/06\/07\/unsichere-zukunft-des-moers-festivals\/","title":{"rendered":"Unsichere Zukunft des Moers Festivals"},"content":{"rendered":"<p><span style=\"font-family: arial,helvetica,sans-serif; font-size: small;\">07.06.2016 &#8212; Der Vorstand des Europe Jazz Network (EJN) ist besorgt \u00fcber die Zukunft des Moers Festivals in Deutschland. Dessen k\u00fcnstlerischer Leiter Reiner Michalke hat nach elf Jahren die Aufl\u00f6sung seines Vertrags angeboten.<\/span><\/p>\n<p><span style=\"font-family: arial,helvetica,sans-serif; font-size: small;\"><strong>07.06.2016 &#8212; Der Vorstand des Europe Jazz Network (EJN) ist besorgt \u00fcber die Zukunft des Moers Festivals in Deutschland. Dessen k\u00fcnstlerischer Leiter Reiner Michalke hat nach elf Jahren die Aufl\u00f6sung seines Vertrags angeboten.<\/strong><\/span><\/p>\n<p><span style=\"font-family: arial,helvetica,sans-serif; font-size: small;\">\u00a0<\/span><\/p>\n<p><span style=\"font-family: arial,helvetica,sans-serif; font-size: small;\">Die Zukunft des Festivals bleibe nicht nur in puncto Besucherzahlen, sondern auch in Hinsicht auf die internationale Anerkennung ungewiss, schreibt das EJN. Die \u00abVerwirrung rund um die finanzielle Lage des Festivals und die daraus resultierende unsichere Zukunft\u00bb gef\u00e4hrdeten \u00abeine der f\u00fchrenden Veranstaltungen in Europa, die Raum bietet f\u00fcr neue Musikstile und Musikexperimente und f\u00fcr junge Musiker eine Gelegenheit ist, im Rampenlicht eines internationalen Publikums und internationaler Medien aufzutreten\u00bb. <\/span><\/p>\n<p>\u00a0<\/p>\n<p><span style=\"font-family: arial,helvetica,sans-serif; font-size: small;\">2015 zeichnete das EJN das Festival mit seinem EJN Award aus.Die Jury lobte die innovative Programmgestaltung, die das Moers Festival seit \u00fcber vierzig Jahren zu einem der innovativsten Musikevents in Europa f\u00fcr improvisierte Musik, Jazz und verwandte Stilrichtungen mache. <em>(cf)<\/em> <\/span><\/p>\n<p><span style=\"font-family: arial,helvetica,sans-serif; font-size: small;\">\u00a0<\/span><\/p>\n","protected":false},"excerpt":{"rendered":"<p><span style=\"font-family: arial,helvetica,sans-serif; font-size: small;\">07.06.2016 &#8212; Der Vorstand des Europe Jazz Network (EJN) ist besorgt \u00fcber die Zukunft des Moers Festivals in Deutschland. Dessen k\u00fcnstlerischer Leiter Reiner Michalke hat nach elf Jahren die Aufl\u00f6sung seines Vertrags angeboten.<\/span><\/p>\n","protected":false},"author":1,"featured_media":0,"comment_status":"open","ping_status":"open","sticky":false,"template":"","format":"standard","meta":{"footnotes":""},"categories":[2],"tags":[],"class_list":["post-2917","post","type-post","status-publish","format-standard","hentry","category-nachrichten","entry"],"_links":{"self":[{"href":"https:\/\/codexflores.ch\/index.php\/wp-json\/wp\/v2\/posts\/2917","targetHints":{"allow":["GET"]}}],"collection":[{"href":"https:\/\/codexflores.ch\/index.php\/wp-json\/wp\/v2\/posts"}],"about":[{"href":"https:\/\/codexflores.ch\/index.php\/wp-json\/wp\/v2\/types\/post"}],"author":[{"embeddable":true,"href":"https:\/\/codexflores.ch\/index.php\/wp-json\/wp\/v2\/users\/1"}],"replies":[{"embeddable":true,"href":"https:\/\/codexflores.ch\/index.php\/wp-json\/wp\/v2\/comments?post=2917"}],"version-history":[{"count":0,"href":"https:\/\/codexflores.ch\/index.php\/wp-json\/wp\/v2\/posts\/2917\/revisions"}],"wp:attachment":[{"href":"https:\/\/codexflores.ch\/index.php\/wp-json\/wp\/v2\/media?parent=2917"}],"wp:term":[{"taxonomy":"category","embeddable":true,"href":"https:\/\/codexflores.ch\/index.php\/wp-json\/wp\/v2\/categories?post=2917"},{"taxonomy":"post_tag","embeddable":true,"href":"https:\/\/codexflores.ch\/index.php\/wp-json\/wp\/v2\/tags?post=2917"}],"curies":[{"name":"wp","href":"https:\/\/api.w.org\/{rel}","templated":true}]}}