{"id":2918,"date":"2016-06-08T05:55:13","date_gmt":"2016-06-08T05:55:13","guid":{"rendered":"https:\/\/codexflores.ch\/index.php\/2016\/06\/08\/luzerner-sinfonieorchester-widmet-sich-beethoven\/"},"modified":"2016-06-08T05:55:13","modified_gmt":"2016-06-08T05:55:13","slug":"luzerner-sinfonieorchester-widmet-sich-beethoven","status":"publish","type":"post","link":"https:\/\/codexflores.ch\/index.php\/2016\/06\/08\/luzerner-sinfonieorchester-widmet-sich-beethoven\/","title":{"rendered":"Luzerner Sinfonieorchester widmet sich Beethoven"},"content":{"rendered":"<p><span style=\"font-family: arial,helvetica,sans-serif; font-size: small;\">08.06.2016 &#8212; Das Luzerner Sinfonieorchester widmet sich in der kommenden Saison dem Werk Beethovens. Zusammen mit Oliver Schnyder werden s\u00e4mtliche Klavierkonzerte Beethovens sowie Ouvert\u00fcren aufgef\u00fchrt und f\u00fcr Sony Classical eingespielt.<\/span><\/p>\n<p><span style=\"font-family: arial,helvetica,sans-serif; font-size: small;\"><strong>08.06.2016 &#8212; Das Luzerner Sinfonieorchester widmet sich in der kommenden Saison dem Werk Beethovens. Zusammen mit Oliver Schnyder werden s\u00e4mtliche Klavierkonzerte Beethovens sowie Ouvert\u00fcren aufgef\u00fchrt und f\u00fcr Sony Classical eingespielt.<\/strong><\/span><\/p>\n<p>\u00a0<\/p>\n<p><span style=\"font-family: arial,helvetica,sans-serif; font-size: small;\">Zum Saisonbeginn finden kammermusikalische Auff\u00fchrungen von Klavierwerken des Komponisten an drei Wochenenden im Oktober auf dem Pilatus statt. Oliver Schnyder und Solisten des Luzerner Sinfonieorchesters erarbeiten die Klavierkonzerte in Kammermusikfassung. Ein weiterer Schwerpunkt ist die Russische Romantik mit Werken von Tschaikowsky, Glinka, Borodin, Kabalewski und Gli\u00e8re. Zum Zug kommen \u00fcberdies Busoni und Dvo\u0159\u00e1k.<\/span><\/p>\n<p><span style=\"font-family: arial,helvetica,sans-serif; font-size: small;\">\u00a0<\/span><\/p>\n<p><span style=\"font-family: arial,helvetica,sans-serif; font-size: small;\">Auch zwei Urauff\u00fchrungen und eine Schweizer Erstauff\u00fchrung stehen auf dem Programm: Zum Gedenkjahr 600 Jahre Niklaus von Fl\u00fce wird die \u00abRanft Suite\u00bb des Obwaldners Christoph Blum gemeinsam mit Sch\u00fclerinnen und Sch\u00fclern aus Obwalden uraufgef\u00fchrt, ebenso wie Siegfried Matthus\u2019 Konzert f\u00fcr zwei Klarinetten und Orchester. Bei der Schweizer Erstauff\u00fchrung von Francisco Colls \u00abFour Iberian Miniatures\u00bb f\u00fcr Violine und Orchester wird die sechzehnj\u00e4rige Noa Wildschut als Solistin ihr Deb\u00fct in Luzern geben. <\/span><\/p>\n<p>\u00a0<\/p>\n<p><span style=\"font-family: arial,helvetica,sans-serif; font-size: small;\">Die Reihe \u00abHorizonte\u00bb fasst neu unter dem Begriff Musikvermittlung die partizipativen Veranstaltungen des Luzerner Sinfonieorchesters zusammen. Dazu geh\u00f6ren die Reihen der Familienkonzerte, Werkst\u00e4tten, und die Veranstaltungen auf dem Musikwagen. Erstmals tritt das Orchester in Kolumbien am International Music Festival in Bogot\u00e0 auf und deb\u00fctiert am Bologna Festival in Italien. <em>(cf)<\/em><\/span><\/p>\n<p>\u00a0<\/p>\n","protected":false},"excerpt":{"rendered":"<p><span style=\"font-family: arial,helvetica,sans-serif; font-size: small;\">08.06.2016 &#8212; Das Luzerner Sinfonieorchester widmet sich in der kommenden Saison dem Werk Beethovens. Zusammen mit Oliver Schnyder werden s\u00e4mtliche Klavierkonzerte Beethovens sowie Ouvert\u00fcren aufgef\u00fchrt und f\u00fcr Sony Classical eingespielt.<\/span><\/p>\n","protected":false},"author":1,"featured_media":0,"comment_status":"open","ping_status":"open","sticky":false,"template":"","format":"standard","meta":{"footnotes":""},"categories":[2],"tags":[],"class_list":["post-2918","post","type-post","status-publish","format-standard","hentry","category-nachrichten","entry"],"_links":{"self":[{"href":"https:\/\/codexflores.ch\/index.php\/wp-json\/wp\/v2\/posts\/2918","targetHints":{"allow":["GET"]}}],"collection":[{"href":"https:\/\/codexflores.ch\/index.php\/wp-json\/wp\/v2\/posts"}],"about":[{"href":"https:\/\/codexflores.ch\/index.php\/wp-json\/wp\/v2\/types\/post"}],"author":[{"embeddable":true,"href":"https:\/\/codexflores.ch\/index.php\/wp-json\/wp\/v2\/users\/1"}],"replies":[{"embeddable":true,"href":"https:\/\/codexflores.ch\/index.php\/wp-json\/wp\/v2\/comments?post=2918"}],"version-history":[{"count":0,"href":"https:\/\/codexflores.ch\/index.php\/wp-json\/wp\/v2\/posts\/2918\/revisions"}],"wp:attachment":[{"href":"https:\/\/codexflores.ch\/index.php\/wp-json\/wp\/v2\/media?parent=2918"}],"wp:term":[{"taxonomy":"category","embeddable":true,"href":"https:\/\/codexflores.ch\/index.php\/wp-json\/wp\/v2\/categories?post=2918"},{"taxonomy":"post_tag","embeddable":true,"href":"https:\/\/codexflores.ch\/index.php\/wp-json\/wp\/v2\/tags?post=2918"}],"curies":[{"name":"wp","href":"https:\/\/api.w.org\/{rel}","templated":true}]}}