{"id":2920,"date":"2016-06-10T05:23:48","date_gmt":"2016-06-10T05:23:48","guid":{"rendered":"https:\/\/codexflores.ch\/index.php\/2016\/06\/10\/schulz-preis-fuer-zeitgenoessische-musikpublizistik\/"},"modified":"2016-06-10T05:23:48","modified_gmt":"2016-06-10T05:23:48","slug":"schulz-preis-fuer-zeitgenoessische-musikpublizistik","status":"publish","type":"post","link":"https:\/\/codexflores.ch\/index.php\/2016\/06\/10\/schulz-preis-fuer-zeitgenoessische-musikpublizistik\/","title":{"rendered":"Schulz-Preis f\u00fcr zeitgen\u00f6ssische Musikpublizistik"},"content":{"rendered":"<p><span style=\"font-family: arial,helvetica,sans-serif; font-size: small;\">10.06.2016 &#8212; Die SRF-Kulturjournalistin Theresa Beyer wird mit dem Reinhard Schulz-Preis f\u00fcr zeitgen\u00f6ssische Musikpublizistik 2016 ausgezeichnet. Der Kritikerpreis wird w\u00e4hrend der Darmst\u00e4dter Ferienkurse verliehen.<\/span><\/p>\n<p><span style=\"font-family: arial,helvetica,sans-serif; font-size: small;\"><strong>10.06.2016 &#8212; Die SRF-Kulturjournalistin Theresa Beyer wird mit dem Reinhard Schulz-Preis f\u00fcr zeitgen\u00f6ssische Musikpublizistik 2016 ausgezeichnet. Der Kritikerpreis wird w\u00e4hrend der Darmst\u00e4dter Ferienkurse verliehen.<\/strong><\/span><\/p>\n<p>\u00a0<\/p>\n<p><span style=\"font-family: arial,helvetica,sans-serif; font-size: small;\">Theresa Beyer wurde 1986 in Leipzig geboren, lebt heute in Bern und arbeitet seit 2014 als Musik- und Kulturjournalistin beim Schweizerischen Radio SRF 2 Kultur. Dar\u00fcber hinaus ist die ausgebildete Musikwissenschaftlerin beim Berner Network for Local and Global Sounds and Media Culture, Norient, t\u00e4tig und als freie Musikautorin und Kuratorin aktiv.<\/span><\/p>\n<p>\u00a0<\/p>\n<p><span style=\"font-family: arial,helvetica,sans-serif; font-size: small;\">Die Jury \u2013 bestehend aus Lydia Jeschke (SWR \/ D), Christine Lemke-Matwey (DIE ZEIT \/ D), Elisabeth Schwind (S\u00fcdkurier \/ D), Stefan Fricke (Hessischer Rundfunk \/ D) und Peter Hagmann (Neue Z\u00fcrcher Zeitung \/ CH \/ Juryvorsitz) \u2013 haben in ihrer Sitzung am 8. Juni 2016 vor allem auch jene Beitr\u00e4ge \u00fcberzeugt, die Theresa Beyer f\u00fcr die Sendung \u00abMusik unserer Zeit\u00bb auf SRF 2 gestaltet hat. <em>(cf)<\/em><\/span><\/p>\n","protected":false},"excerpt":{"rendered":"<p><span style=\"font-family: arial,helvetica,sans-serif; font-size: small;\">10.06.2016 &#8212; Die SRF-Kulturjournalistin Theresa Beyer wird mit dem Reinhard Schulz-Preis f\u00fcr zeitgen\u00f6ssische Musikpublizistik 2016 ausgezeichnet. Der Kritikerpreis wird w\u00e4hrend der Darmst\u00e4dter Ferienkurse verliehen.<\/span><\/p>\n","protected":false},"author":1,"featured_media":0,"comment_status":"open","ping_status":"open","sticky":false,"template":"","format":"standard","meta":{"footnotes":""},"categories":[2],"tags":[],"class_list":["post-2920","post","type-post","status-publish","format-standard","hentry","category-nachrichten","entry"],"_links":{"self":[{"href":"https:\/\/codexflores.ch\/index.php\/wp-json\/wp\/v2\/posts\/2920","targetHints":{"allow":["GET"]}}],"collection":[{"href":"https:\/\/codexflores.ch\/index.php\/wp-json\/wp\/v2\/posts"}],"about":[{"href":"https:\/\/codexflores.ch\/index.php\/wp-json\/wp\/v2\/types\/post"}],"author":[{"embeddable":true,"href":"https:\/\/codexflores.ch\/index.php\/wp-json\/wp\/v2\/users\/1"}],"replies":[{"embeddable":true,"href":"https:\/\/codexflores.ch\/index.php\/wp-json\/wp\/v2\/comments?post=2920"}],"version-history":[{"count":0,"href":"https:\/\/codexflores.ch\/index.php\/wp-json\/wp\/v2\/posts\/2920\/revisions"}],"wp:attachment":[{"href":"https:\/\/codexflores.ch\/index.php\/wp-json\/wp\/v2\/media?parent=2920"}],"wp:term":[{"taxonomy":"category","embeddable":true,"href":"https:\/\/codexflores.ch\/index.php\/wp-json\/wp\/v2\/categories?post=2920"},{"taxonomy":"post_tag","embeddable":true,"href":"https:\/\/codexflores.ch\/index.php\/wp-json\/wp\/v2\/tags?post=2920"}],"curies":[{"name":"wp","href":"https:\/\/api.w.org\/{rel}","templated":true}]}}