{"id":2924,"date":"2016-06-15T06:13:16","date_gmt":"2016-06-15T06:13:16","guid":{"rendered":"https:\/\/codexflores.ch\/index.php\/2016\/06\/15\/chailly-sagt-leipziger-abschiedskonzert-ab\/"},"modified":"2016-06-15T06:13:16","modified_gmt":"2016-06-15T06:13:16","slug":"chailly-sagt-leipziger-abschiedskonzert-ab","status":"publish","type":"post","link":"https:\/\/codexflores.ch\/index.php\/2016\/06\/15\/chailly-sagt-leipziger-abschiedskonzert-ab\/","title":{"rendered":"Chailly sagt Leipziger Abschiedskonzert ab"},"content":{"rendered":"<p>15.06.2016 &#8212; Riccardo Chailly muss die eigenen Leipziger Abschiedskonzerte aus Gesundheitsgr\u00fcnden absagen. Der designierte Gewandhauskapellmeister Andris Nelsons wird f\u00fcr ihn die letzten Abonnementkonzerte der Saison am 16. und 17. Juni 2016 dirigieren.<\/p>\n<p><strong>15.06.2016 &#8212; Riccardo Chailly muss die eigenen Leipziger Abschiedskonzerte aus Gesundheitsgr\u00fcnden absagen. Der designierte Gewandhauskapellmeister Andris Nelsons wird f\u00fcr ihn die letzten Abonnementkonzerte der Saison am 16. und 17. Juni 2016 dirigieren.<\/strong><\/p>\n<p>\u00a0<\/p>\n<p>Auf dem Programm steht unver\u00e4ndert die 3. Sinfonie von Gustav Mahler. M\u00f6glich macht das Einspringen Nelsons ein Entgegenkommen der Bayreuther Festspiele, die ihn f\u00fcr die Proben- und Konzerttage in Leipzig freistellen. Andris Nelsons ist derzeit in Bayreuth mit der Einstudierung von Richard Wagners \u00abParsifal\u00bb besch\u00e4ftigt.<\/p>\n<p>\u00a0<\/p>\n<p>Chailly bendet seine Aufgabe als Gewandhauskapellmeister mit dieser Saison. Er ist neuer Musikdirektor der Mail\u00e4nder Scala und ab diesem Sommer Chefdirigent des Lucerne Festival Orchestra. F\u00fcr letzteren Posten galt zuvor Andris Nelsons als Kronfavorit.<em> (cf)<\/em><\/p>\n","protected":false},"excerpt":{"rendered":"<p>15.06.2016 &#8212; Riccardo Chailly muss die eigenen Leipziger Abschiedskonzerte aus Gesundheitsgr\u00fcnden absagen. Der designierte Gewandhauskapellmeister Andris Nelsons wird f\u00fcr ihn die letzten Abonnementkonzerte der Saison am 16. und 17. Juni 2016 dirigieren.<\/p>\n","protected":false},"author":1,"featured_media":0,"comment_status":"open","ping_status":"open","sticky":false,"template":"","format":"standard","meta":{"footnotes":""},"categories":[2],"tags":[],"class_list":["post-2924","post","type-post","status-publish","format-standard","hentry","category-nachrichten","entry"],"_links":{"self":[{"href":"https:\/\/codexflores.ch\/index.php\/wp-json\/wp\/v2\/posts\/2924","targetHints":{"allow":["GET"]}}],"collection":[{"href":"https:\/\/codexflores.ch\/index.php\/wp-json\/wp\/v2\/posts"}],"about":[{"href":"https:\/\/codexflores.ch\/index.php\/wp-json\/wp\/v2\/types\/post"}],"author":[{"embeddable":true,"href":"https:\/\/codexflores.ch\/index.php\/wp-json\/wp\/v2\/users\/1"}],"replies":[{"embeddable":true,"href":"https:\/\/codexflores.ch\/index.php\/wp-json\/wp\/v2\/comments?post=2924"}],"version-history":[{"count":0,"href":"https:\/\/codexflores.ch\/index.php\/wp-json\/wp\/v2\/posts\/2924\/revisions"}],"wp:attachment":[{"href":"https:\/\/codexflores.ch\/index.php\/wp-json\/wp\/v2\/media?parent=2924"}],"wp:term":[{"taxonomy":"category","embeddable":true,"href":"https:\/\/codexflores.ch\/index.php\/wp-json\/wp\/v2\/categories?post=2924"},{"taxonomy":"post_tag","embeddable":true,"href":"https:\/\/codexflores.ch\/index.php\/wp-json\/wp\/v2\/tags?post=2924"}],"curies":[{"name":"wp","href":"https:\/\/api.w.org\/{rel}","templated":true}]}}