{"id":2925,"date":"2016-06-16T05:36:06","date_gmt":"2016-06-16T05:36:06","guid":{"rendered":"https:\/\/codexflores.ch\/index.php\/2016\/06\/16\/marktplatz-fuer-die-kreativwirtschaft\/"},"modified":"2016-06-16T05:36:06","modified_gmt":"2016-06-16T05:36:06","slug":"marktplatz-fuer-die-kreativwirtschaft","status":"publish","type":"post","link":"https:\/\/codexflores.ch\/index.php\/2016\/06\/16\/marktplatz-fuer-die-kreativwirtschaft\/","title":{"rendered":"Marktplatz f\u00fcr die Kreativwirtschaft"},"content":{"rendered":"<p><span style=\"font-family: arial,helvetica,sans-serif; font-size: small;\">16.06.2016 &#8212; An der diesj\u00e4hrigen Frankfurter Buchmesse wird mit \u00abThe Arts+\u00bb erstmals eine Marktplatz f\u00fcr neue Gesch\u00e4ftsmodelle in der Kultur- und Kreativwirtschaft ins Leben gerufen.<\/span><\/p>\n<p><span style=\"font-family: arial,helvetica,sans-serif; font-size: small;\"><strong>16.06.2016 &#8212; An der diesj\u00e4hrigen Frankfurter Buchmesse wird mit The Arts+ erstmals eine Marktplatz f\u00fcr neue Gesch\u00e4ftsmodelle in der Kultur- und Kreativwirtschaft ins Leben gerufen.<\/strong><\/span><\/p>\n<p><span style=\"font-family: arial,helvetica,sans-serif; font-size: small;\">\u00a0<\/span><\/p>\n<p><span style=\"font-family: arial,helvetica,sans-serif; font-size: small;\">\u00abThe Arts+\u00bb wird vom 19. bis 23. Oktober durchgef\u00fchrt und kombiniert eine Messe mit Konferenzen sowie Angeboten zur Vernetzung. Sie richtete sich an Berufsleute aus der Kultur- und Kreativszene.<\/span><\/p>\n<p>\u00a0<\/p>\n<p><span style=\"font-family: arial,helvetica,sans-serif; font-size: small;\">Entwickler, Verleger, Software- und Technologiefirmen treffen sich in Frankfurt, tauschen sich \u00fcber Pr\u00e4sentationen, Labs, Workshops und Konferenzen aus und bilden ein neues Netzwerk.<em> (cf)<\/em><\/span><\/p>\n<p><span style=\"font-family: arial,helvetica,sans-serif; font-size: small;\"><em>\u00a0<\/em><\/span><\/p>\n<p><span style=\"font-family: arial,helvetica,sans-serif; font-size: small;\"><strong>Mehr Infos:<\/strong> <a href=\"theartsplus.com\" target=\"_blank\" rel=\"noopener noreferrer\">theartsplus.com<\/a><em> <br \/><\/em><\/span><\/p>\n<p>\u00a0<\/p>\n","protected":false},"excerpt":{"rendered":"<p><span style=\"font-family: arial,helvetica,sans-serif; font-size: small;\">16.06.2016 &#8212; An der diesj\u00e4hrigen Frankfurter Buchmesse wird mit \u00abThe Arts+\u00bb erstmals eine Marktplatz f\u00fcr neue Gesch\u00e4ftsmodelle in der Kultur- und Kreativwirtschaft ins Leben gerufen.<\/span><\/p>\n","protected":false},"author":1,"featured_media":0,"comment_status":"open","ping_status":"open","sticky":false,"template":"","format":"standard","meta":{"footnotes":""},"categories":[2],"tags":[],"class_list":["post-2925","post","type-post","status-publish","format-standard","hentry","category-nachrichten","entry"],"_links":{"self":[{"href":"https:\/\/codexflores.ch\/index.php\/wp-json\/wp\/v2\/posts\/2925","targetHints":{"allow":["GET"]}}],"collection":[{"href":"https:\/\/codexflores.ch\/index.php\/wp-json\/wp\/v2\/posts"}],"about":[{"href":"https:\/\/codexflores.ch\/index.php\/wp-json\/wp\/v2\/types\/post"}],"author":[{"embeddable":true,"href":"https:\/\/codexflores.ch\/index.php\/wp-json\/wp\/v2\/users\/1"}],"replies":[{"embeddable":true,"href":"https:\/\/codexflores.ch\/index.php\/wp-json\/wp\/v2\/comments?post=2925"}],"version-history":[{"count":0,"href":"https:\/\/codexflores.ch\/index.php\/wp-json\/wp\/v2\/posts\/2925\/revisions"}],"wp:attachment":[{"href":"https:\/\/codexflores.ch\/index.php\/wp-json\/wp\/v2\/media?parent=2925"}],"wp:term":[{"taxonomy":"category","embeddable":true,"href":"https:\/\/codexflores.ch\/index.php\/wp-json\/wp\/v2\/categories?post=2925"},{"taxonomy":"post_tag","embeddable":true,"href":"https:\/\/codexflores.ch\/index.php\/wp-json\/wp\/v2\/tags?post=2925"}],"curies":[{"name":"wp","href":"https:\/\/api.w.org\/{rel}","templated":true}]}}