{"id":2926,"date":"2016-06-17T05:37:06","date_gmt":"2016-06-17T05:37:06","guid":{"rendered":"https:\/\/codexflores.ch\/index.php\/2016\/06\/17\/deutscher-musikrat-partner-des-deutschen-jugendkammerchors\/"},"modified":"2016-06-17T05:37:06","modified_gmt":"2016-06-17T05:37:06","slug":"deutscher-musikrat-partner-des-deutschen-jugendkammerchors","status":"publish","type":"post","link":"https:\/\/codexflores.ch\/index.php\/2016\/06\/17\/deutscher-musikrat-partner-des-deutschen-jugendkammerchors\/","title":{"rendered":"Deutscher Musikrat Partner des Deutschen Jugendkammerchors"},"content":{"rendered":"<p><span style=\"font-family: arial,helvetica,sans-serif; font-size: small;\">17.06.2016 &#8212; Der Deutsche Musikrat hat das Label \u00abPrivilegierte Partnerschaft\u00bb ins Leben gerufen\u00a0\u2013 f\u00fcr Einrichtungen und Projekte, die \u00abin besonderer Weise gesellschaftliche Wirkung erzielen\u00bb. Der Deutsche Jugendkammerchor ist das erste Projekt, das in diesem Rahmen gef\u00f6rdert wird.<\/span><\/p>\n<p><span style=\"font-family: arial,helvetica,sans-serif; font-size: small;\"><strong>17.06.2016 &#8212; Der Deutsche Musikrat hat das Label \u00abPrivilegierte Partnerschaft\u00bb ins Leben gerufen\u00a0\u2013 f\u00fcr Einrichtungen und Projekte, die \u00abin besonderer Weise gesellschaftliche Wirkung erzielen\u00bb. Der Deutsche Jugendkammerchor ist das erste Projekt, das in diesem Rahmen gef\u00f6rdert wird.<\/strong><\/span><\/p>\n<p><span style=\"font-family: arial,helvetica,sans-serif; font-size: small;\">\u00a0<\/span><\/p>\n<p><span style=\"font-family: arial,helvetica,sans-serif; font-size: small;\">Ziel der Partnerschaft ist es, \u00ab\u00fcber eine gemeinsame mediale und musikpolitische Kommunikation die Kulturelle Vielfalt f\u00fcr die Zukunftsf\u00e4higkeit unserer Gesellschaft verst\u00e4rkt im \u00f6ffentlichen Bewusstsein zu verankern\u00bb, zitiert der Musikrat seinen Pr\u00e4sidenten Martin Maria Kr\u00fcger.<\/span><\/p>\n<p><span style=\"font-family: arial,helvetica,sans-serif; font-size: small;\">\u00a0<\/span><\/p>\n<p><span style=\"font-family: arial,helvetica,sans-serif; font-size: small;\">Der Deutsche Jugendkammerchor unter der Leitung von Florian Benfer ist ein nationales Auswahlensemble begabter junger Chors\u00e4ngerinnen und Chors\u00e4nger im Alter von 16 bis 27 Jahren. <em>(cf)<\/em><\/span><\/p>\n","protected":false},"excerpt":{"rendered":"<p><span style=\"font-family: arial,helvetica,sans-serif; font-size: small;\">17.06.2016 &#8212; Der Deutsche Musikrat hat das Label \u00abPrivilegierte Partnerschaft\u00bb ins Leben gerufen\u00a0\u2013 f\u00fcr Einrichtungen und Projekte, die \u00abin besonderer Weise gesellschaftliche Wirkung erzielen\u00bb. Der Deutsche Jugendkammerchor ist das erste Projekt, das in diesem Rahmen gef\u00f6rdert wird.<\/span><\/p>\n","protected":false},"author":1,"featured_media":0,"comment_status":"open","ping_status":"open","sticky":false,"template":"","format":"standard","meta":{"footnotes":""},"categories":[2],"tags":[],"class_list":["post-2926","post","type-post","status-publish","format-standard","hentry","category-nachrichten","entry"],"_links":{"self":[{"href":"https:\/\/codexflores.ch\/index.php\/wp-json\/wp\/v2\/posts\/2926","targetHints":{"allow":["GET"]}}],"collection":[{"href":"https:\/\/codexflores.ch\/index.php\/wp-json\/wp\/v2\/posts"}],"about":[{"href":"https:\/\/codexflores.ch\/index.php\/wp-json\/wp\/v2\/types\/post"}],"author":[{"embeddable":true,"href":"https:\/\/codexflores.ch\/index.php\/wp-json\/wp\/v2\/users\/1"}],"replies":[{"embeddable":true,"href":"https:\/\/codexflores.ch\/index.php\/wp-json\/wp\/v2\/comments?post=2926"}],"version-history":[{"count":0,"href":"https:\/\/codexflores.ch\/index.php\/wp-json\/wp\/v2\/posts\/2926\/revisions"}],"wp:attachment":[{"href":"https:\/\/codexflores.ch\/index.php\/wp-json\/wp\/v2\/media?parent=2926"}],"wp:term":[{"taxonomy":"category","embeddable":true,"href":"https:\/\/codexflores.ch\/index.php\/wp-json\/wp\/v2\/categories?post=2926"},{"taxonomy":"post_tag","embeddable":true,"href":"https:\/\/codexflores.ch\/index.php\/wp-json\/wp\/v2\/tags?post=2926"}],"curies":[{"name":"wp","href":"https:\/\/api.w.org\/{rel}","templated":true}]}}