{"id":2929,"date":"2016-06-20T06:03:13","date_gmt":"2016-06-20T06:03:13","guid":{"rendered":"https:\/\/codexflores.ch\/index.php\/2016\/06\/20\/repusic-chefdirigent-des-muenchner-rundfunkorchesters\/"},"modified":"2016-06-20T06:03:13","modified_gmt":"2016-06-20T06:03:13","slug":"repusic-chefdirigent-des-muenchner-rundfunkorchesters","status":"publish","type":"post","link":"https:\/\/codexflores.ch\/index.php\/2016\/06\/20\/repusic-chefdirigent-des-muenchner-rundfunkorchesters\/","title":{"rendered":"Repusic Chefdirigent des M\u00fcnchner Rundfunkorchesters"},"content":{"rendered":"<p><span style=\"font-family: arial,helvetica,sans-serif; font-size: small;\">20.06.2016 &#8212; Der kroatische Dirigent Ivan Repu\u0161i\u0107 wird ab der Spielzeit 2017\/2018 beim M\u00fcnchner Rundfunkorchester als Chefdirigent Nachfolger von Ulf Schirmer.<\/span><\/p>\n<p><span style=\"font-family: arial,helvetica,sans-serif; font-size: small;\"><strong>20.06.2016 &#8212; Der kroatische Dirigent Ivan Repu\u0161i\u0107 wird ab der Spielzeit 2017\/2018 beim M\u00fcnchner Rundfunkorchester als Chefdirigent Nachfolger von Ulf Schirmer.<\/strong><\/span><\/p>\n<p><span style=\"font-family: arial,helvetica,sans-serif; font-size: small;\">\u00a0<\/span><\/p>\n<p><span style=\"font-family: arial,helvetica,sans-serif; font-size: small;\">Der 1978 geborene Repu\u0161i\u0107 war beim M\u00fcnchner Rundfunkorchester bereits mehrfach als Gastdirigent t\u00e4tig. Auch bei der grossen Silvestergala 2015 stand er am Pult. Parallel zu seinem Engagement beim M\u00fcnchner Rundfunkorchester wird Repu\u0161i\u0107 in der kommenden Saison 2016\/2017 die Position des Generalmusikdirektors an der Staatsoper Hannover \u00fcbernehmen, wo er bereits von 2010 bis 2013 als 1. Kapellmeister gewirkt hatte.<\/span><\/p>\n<p>\u00a0<\/p>\n<p><span style=\"font-family: arial,helvetica,sans-serif; font-size: small;\">Ivan Repu\u0161i\u0107s Dirigentenkarriere startete laut der Mitteilung des Bayerischen Rundfunks 2002 am kroatischen Nationaltheater in Split, dessen Chefdirigent und Operndirektor er von 2006 bis 2008 war. Bis heute ist er Chef des Zadar Chamber Orchestra, das er seit 2005 leitet. <em>(cf)<\/em><\/span><\/p>\n<p><span style=\"font-family: arial,helvetica,sans-serif; font-size: small;\">\u00a0<\/span><\/p>\n","protected":false},"excerpt":{"rendered":"<p><span style=\"font-family: arial,helvetica,sans-serif; font-size: small;\">20.06.2016 &#8212; Der kroatische Dirigent Ivan Repu\u0161i\u0107 wird ab der Spielzeit 2017\/2018 beim M\u00fcnchner Rundfunkorchester als Chefdirigent Nachfolger von Ulf Schirmer.<\/span><\/p>\n","protected":false},"author":1,"featured_media":0,"comment_status":"open","ping_status":"open","sticky":false,"template":"","format":"standard","meta":{"footnotes":""},"categories":[2],"tags":[],"class_list":["post-2929","post","type-post","status-publish","format-standard","hentry","category-nachrichten","entry"],"_links":{"self":[{"href":"https:\/\/codexflores.ch\/index.php\/wp-json\/wp\/v2\/posts\/2929","targetHints":{"allow":["GET"]}}],"collection":[{"href":"https:\/\/codexflores.ch\/index.php\/wp-json\/wp\/v2\/posts"}],"about":[{"href":"https:\/\/codexflores.ch\/index.php\/wp-json\/wp\/v2\/types\/post"}],"author":[{"embeddable":true,"href":"https:\/\/codexflores.ch\/index.php\/wp-json\/wp\/v2\/users\/1"}],"replies":[{"embeddable":true,"href":"https:\/\/codexflores.ch\/index.php\/wp-json\/wp\/v2\/comments?post=2929"}],"version-history":[{"count":0,"href":"https:\/\/codexflores.ch\/index.php\/wp-json\/wp\/v2\/posts\/2929\/revisions"}],"wp:attachment":[{"href":"https:\/\/codexflores.ch\/index.php\/wp-json\/wp\/v2\/media?parent=2929"}],"wp:term":[{"taxonomy":"category","embeddable":true,"href":"https:\/\/codexflores.ch\/index.php\/wp-json\/wp\/v2\/categories?post=2929"},{"taxonomy":"post_tag","embeddable":true,"href":"https:\/\/codexflores.ch\/index.php\/wp-json\/wp\/v2\/tags?post=2929"}],"curies":[{"name":"wp","href":"https:\/\/api.w.org\/{rel}","templated":true}]}}