{"id":2930,"date":"2016-06-21T05:55:49","date_gmt":"2016-06-21T05:55:49","guid":{"rendered":"https:\/\/codexflores.ch\/index.php\/2016\/06\/21\/bilanz-des-richard-strauss-festival-2016\/"},"modified":"2016-06-21T05:55:49","modified_gmt":"2016-06-21T05:55:49","slug":"bilanz-des-richard-strauss-festival-2016","status":"publish","type":"post","link":"https:\/\/codexflores.ch\/index.php\/2016\/06\/21\/bilanz-des-richard-strauss-festival-2016\/","title":{"rendered":"Bilanz des Richard-Strauss-Festival 2016"},"content":{"rendered":"<p><span style=\"font-family: arial,helvetica,sans-serif; font-size: small;\">21.06.2016 &#8212; In 20 Veranstaltungen an sieben Festivaltagen hat das Richard-Strauss-Festival 2016 in Garmisch-Partenkirchen rund 5500 Eintritte gez\u00e4hlt. Die Auslastung lag mit 70 Prozent h\u00f6her als im Vorjahr.<\/span><\/p>\n<p><span style=\"font-family: arial,helvetica,sans-serif; font-size: small;\"><strong>21.06.2016 &#8212; In 20 Veranstaltungen an sieben Festivaltagen hat das Richard-Strauss-Festival 2016 in Garmisch-Partenkirchen rund 5500 Eintritte gez\u00e4hlt. Die Auslastung lag mit 70 Prozent h\u00f6her als im Vorjahr.<\/strong><\/span><\/p>\n<p><span style=\"font-family: arial,helvetica,sans-serif; font-size: small;\">\u00a0<\/span><\/p>\n<p><span style=\"font-family: arial,helvetica,sans-serif; font-size: small;\">Ausverkauft waren ein Konzert der Essener Philharmoniker, ein K\u00fcnstlergespr\u00e4ch, der erste Meisterkurs und die Kinderworkshops. Der Freistaat Bayern will seine Subvention von 40&#8217;000 auf 70&#8217;000 Euro erh\u00f6hen. Der Unternehmer und M\u00e4zen Peter Eugen Eckes will das Festival \u00fcber seinen Kulturfonds im kommenden Jahr zudem mit einer Zuwendung in H\u00f6he von 100&#8217;000 Euro unterst\u00fctzen. Das Festival 2017 findet in der Zeit vom 24. bis 30. Juni 2017 statt.<\/span><\/p>\n<p><span style=\"font-family: arial,helvetica,sans-serif; font-size: small;\">\u00a0<\/span><\/p>\n<p><span style=\"font-family: arial,helvetica,sans-serif; font-size: small;\">Das Richard-Strauss-Festival wird von Markt Garmisch-Partenkirchen veranstaltet. Die K\u00fcnstlerische Leitung hat Kammers\u00e4ngerin Brigitte Fassbaender. Bei einem Gesamtbudget von rund 500&#8217;000 Euro realisiert es w\u00e4hrend einer Woche bis zu vier Veranstaltungen pro Tag.\u00a0 <em>(cf)<\/em><\/span><\/p>\n","protected":false},"excerpt":{"rendered":"<p><span style=\"font-family: arial,helvetica,sans-serif; font-size: small;\">21.06.2016 &#8212; In 20 Veranstaltungen an sieben Festivaltagen hat das Richard-Strauss-Festival 2016 in Garmisch-Partenkirchen rund 5500 Eintritte gez\u00e4hlt. Die Auslastung lag mit 70 Prozent h\u00f6her als im Vorjahr.<\/span><\/p>\n","protected":false},"author":1,"featured_media":0,"comment_status":"open","ping_status":"open","sticky":false,"template":"","format":"standard","meta":{"footnotes":""},"categories":[2],"tags":[],"class_list":["post-2930","post","type-post","status-publish","format-standard","hentry","category-nachrichten","entry"],"_links":{"self":[{"href":"https:\/\/codexflores.ch\/index.php\/wp-json\/wp\/v2\/posts\/2930","targetHints":{"allow":["GET"]}}],"collection":[{"href":"https:\/\/codexflores.ch\/index.php\/wp-json\/wp\/v2\/posts"}],"about":[{"href":"https:\/\/codexflores.ch\/index.php\/wp-json\/wp\/v2\/types\/post"}],"author":[{"embeddable":true,"href":"https:\/\/codexflores.ch\/index.php\/wp-json\/wp\/v2\/users\/1"}],"replies":[{"embeddable":true,"href":"https:\/\/codexflores.ch\/index.php\/wp-json\/wp\/v2\/comments?post=2930"}],"version-history":[{"count":0,"href":"https:\/\/codexflores.ch\/index.php\/wp-json\/wp\/v2\/posts\/2930\/revisions"}],"wp:attachment":[{"href":"https:\/\/codexflores.ch\/index.php\/wp-json\/wp\/v2\/media?parent=2930"}],"wp:term":[{"taxonomy":"category","embeddable":true,"href":"https:\/\/codexflores.ch\/index.php\/wp-json\/wp\/v2\/categories?post=2930"},{"taxonomy":"post_tag","embeddable":true,"href":"https:\/\/codexflores.ch\/index.php\/wp-json\/wp\/v2\/tags?post=2930"}],"curies":[{"name":"wp","href":"https:\/\/api.w.org\/{rel}","templated":true}]}}