{"id":2931,"date":"2016-06-22T05:38:05","date_gmt":"2016-06-22T05:38:05","guid":{"rendered":"https:\/\/codexflores.ch\/index.php\/2016\/06\/22\/messen-von-musikwirkung-im-alter\/"},"modified":"2016-06-22T05:38:05","modified_gmt":"2016-06-22T05:38:05","slug":"messen-von-musikwirkung-im-alter","status":"publish","type":"post","link":"https:\/\/codexflores.ch\/index.php\/2016\/06\/22\/messen-von-musikwirkung-im-alter\/","title":{"rendered":"Messen von Musikwirkung im Alter"},"content":{"rendered":"<p><span style=\"font-family: arial,helvetica,sans-serif; font-size: small;\">22.06.2016 &#8212; Als Gemeinschaftsprojekt wollen Teams aus ganz Europa Methoden entwickeln, um die besonderen Potentiale des Musikerlebens und der Musikaktivit\u00e4ten im Alter und bei St\u00f6rungen im Alter interdisziplin\u00e4r zu messen.<\/span><\/p>\n<p><span style=\"font-family: arial,helvetica,sans-serif; font-size: small;\"><strong>22.06.2016 &#8212; Als Gemeinschaftsprojekt wollen Teams aus ganz Europa Methoden entwickeln, um die besonderen Potentiale des Musikerlebens und der Musikaktivit\u00e4ten im Alter und bei St\u00f6rungen im Alter interdisziplin\u00e4r zu messen.<\/strong><\/span><\/p>\n<p>\u00a0<\/p>\n<p><span style=\"font-family: arial,helvetica,sans-serif; font-size: small;\">Das weitere Ziel ist \u00abdie Schaffung einer neuen Generation von interdisziplin\u00e4r kompetenten Forschern f\u00fcr die L\u00f6sung wichtiger Zukunftsaufgaben\u00bb. Das \u00abEurop\u00e4ische Forschungskonsortium zu Biomarker, Pr\u00e4vention, Bew\u00e4ltigung und Wohlbefinden im Alter\u00bb wird unter anderen getragen von den Universit\u00e4ten Genf (Neurowissenschaft der Emotionen), Anglia Ruskin Cambridge (Neurowissenschaft der Musiktherapie), Pompeu Fabra Barcelona (Musiktechnologie und \u2013psychologie), Genua (Musiktechnologie Bewegung), Aalborg\/D\u00e4nemark (Musiktherapie Alter) und Jyv\u00e4skyl\u00e4\/Finnland (Musiktherapie und Bewegungsanalyse) sowie Privatunternehmen.<\/span><\/p>\n<p>\u00a0<\/p>\n<p><span style=\"font-family: arial,helvetica,sans-serif; font-size: small;\"><strong> Mehr Infos:<\/strong>\u00a0<a href=\"http:\/\/mmt.fhws.de\/startseite.html\" target=\"_blank\" rel=\"noopener noreferrer\">http:\/\/www.fhws.de<\/a> <\/span><\/p>\n<p>\u00a0<\/p>\n<p>\u00a0<\/p>\n","protected":false},"excerpt":{"rendered":"<p><span style=\"font-family: arial,helvetica,sans-serif; font-size: small;\">22.06.2016 &#8212; Als Gemeinschaftsprojekt wollen Teams aus ganz Europa Methoden entwickeln, um die besonderen Potentiale des Musikerlebens und der Musikaktivit\u00e4ten im Alter und bei St\u00f6rungen im Alter interdisziplin\u00e4r zu messen.<\/span><\/p>\n","protected":false},"author":1,"featured_media":0,"comment_status":"open","ping_status":"open","sticky":false,"template":"","format":"standard","meta":{"footnotes":""},"categories":[2],"tags":[],"class_list":["post-2931","post","type-post","status-publish","format-standard","hentry","category-nachrichten","entry"],"_links":{"self":[{"href":"https:\/\/codexflores.ch\/index.php\/wp-json\/wp\/v2\/posts\/2931","targetHints":{"allow":["GET"]}}],"collection":[{"href":"https:\/\/codexflores.ch\/index.php\/wp-json\/wp\/v2\/posts"}],"about":[{"href":"https:\/\/codexflores.ch\/index.php\/wp-json\/wp\/v2\/types\/post"}],"author":[{"embeddable":true,"href":"https:\/\/codexflores.ch\/index.php\/wp-json\/wp\/v2\/users\/1"}],"replies":[{"embeddable":true,"href":"https:\/\/codexflores.ch\/index.php\/wp-json\/wp\/v2\/comments?post=2931"}],"version-history":[{"count":0,"href":"https:\/\/codexflores.ch\/index.php\/wp-json\/wp\/v2\/posts\/2931\/revisions"}],"wp:attachment":[{"href":"https:\/\/codexflores.ch\/index.php\/wp-json\/wp\/v2\/media?parent=2931"}],"wp:term":[{"taxonomy":"category","embeddable":true,"href":"https:\/\/codexflores.ch\/index.php\/wp-json\/wp\/v2\/categories?post=2931"},{"taxonomy":"post_tag","embeddable":true,"href":"https:\/\/codexflores.ch\/index.php\/wp-json\/wp\/v2\/tags?post=2931"}],"curies":[{"name":"wp","href":"https:\/\/api.w.org\/{rel}","templated":true}]}}