{"id":2933,"date":"2016-06-24T05:32:02","date_gmt":"2016-06-24T05:32:02","guid":{"rendered":"https:\/\/codexflores.ch\/index.php\/2016\/06\/24\/marchand-komplettiert-leitung-des-verbier-festivals\/"},"modified":"2016-06-24T05:32:02","modified_gmt":"2016-06-24T05:32:02","slug":"marchand-komplettiert-leitung-des-verbier-festivals","status":"publish","type":"post","link":"https:\/\/codexflores.ch\/index.php\/2016\/06\/24\/marchand-komplettiert-leitung-des-verbier-festivals\/","title":{"rendered":"Marchand komplettiert Leitung des Verbier Festivals"},"content":{"rendered":"<p><span style=\"font-family: arial,helvetica,sans-serif; font-size: small;\">24.06.2016 &#8212; Laurence Marchand, die seit 17 Jahren als Leiterin der Produktion und der k\u00fcnstlerischen Koordination am Th\u00e9\u00e2tre du Ch\u00e2telet in Paris amtet, wird Mitglied der Leitung des Verbier Festivals. Gemeinsam mit Gr\u00fcnder und Gesch\u00e4ftsf\u00fchrer Martin T:son Engstroem wird sie ab Herbst 2016 die Entwicklung des Festivals vorantreiben.<\/span><\/p>\n<p>\u00a0<\/p>\n<p><span style=\"font-family: arial,helvetica,sans-serif; font-size: small;\"><strong>24.06.2016 &#8212; Laurence Marchand, die seit 17 Jahren als Leiterin der Produktion und der k\u00fcnstlerischen Koordination am Th\u00e9\u00e2tre du Ch\u00e2telet in Paris amtet, wird Mitglied der Leitung des Verbier Festivals. Gemeinsam mit Gr\u00fcnder und Gesch\u00e4ftsf\u00fchrer Martin T:son Engstroem wird sie ab Herbst 2016 die Entwicklung des Festivals vorantreiben.<\/strong><\/span><\/p>\n<p>\u00a0<\/p>\n<p><span style=\"font-family: arial,helvetica,sans-serif; font-size: small;\">Gest\u00e4rkt durch ein internationales Netzwerk k\u00fcnstlerischer und institutioneller Kontakte habe Laurence Marchand in Paris auf kreative Art und Weise ein musikalisches und choreografisches Programm mit zahlreichen Koproduktionen geleitet, schreibt das Verbier Festival.<\/span><\/p>\n<p>\u00a0<\/p>\n<p><span style=\"font-family: arial,helvetica,sans-serif; font-size: small;\">Zuvor entwickelte sie als Verwalterin der internationalen K\u00fcnstleragentur IMG Artists Produktionen f\u00fcr das Mariinsky Theater\/Valery Gergiev, das Monteverdi Orchestra\/John Eliot Gardiner, die Choreografin Sylvie Guillem und zahlreiche sinfonische Ensembles auf der ganzen Welt.<\/span><\/p>\n<p>\u00a0<\/p>\n<p><span style=\"font-family: arial,helvetica,sans-serif; font-size: small;\">Laurence Marchand tritt ihren Posten beim Verbier Festival im Herbst 2016 an und l\u00f6st damit Kim Gaynor ab, die mehr als elf Jahre lang Administrative Gesch\u00e4ftsf\u00fchrerin des Festivals war. Kim Gaynor \u00fcbernimmt im September die Generaldirektion der Vancouver Opera, des zweitgr\u00f6ssten Opernhauses in Kanada. <em>(cf)<\/em><\/span><\/p>\n","protected":false},"excerpt":{"rendered":"<p><span style=\"font-family: arial,helvetica,sans-serif; font-size: small;\">24.06.2016 &#8212; Laurence Marchand, die seit 17 Jahren als Leiterin der Produktion und der k\u00fcnstlerischen Koordination am Th\u00e9\u00e2tre du Ch\u00e2telet in Paris amtet, wird Mitglied der Leitung des Verbier Festivals. Gemeinsam mit Gr\u00fcnder und Gesch\u00e4ftsf\u00fchrer Martin T:son Engstroem wird sie ab Herbst 2016 die Entwicklung des Festivals vorantreiben.<\/span><\/p>\n","protected":false},"author":1,"featured_media":0,"comment_status":"open","ping_status":"open","sticky":false,"template":"","format":"standard","meta":{"footnotes":""},"categories":[2],"tags":[],"class_list":["post-2933","post","type-post","status-publish","format-standard","hentry","category-nachrichten","entry"],"_links":{"self":[{"href":"https:\/\/codexflores.ch\/index.php\/wp-json\/wp\/v2\/posts\/2933","targetHints":{"allow":["GET"]}}],"collection":[{"href":"https:\/\/codexflores.ch\/index.php\/wp-json\/wp\/v2\/posts"}],"about":[{"href":"https:\/\/codexflores.ch\/index.php\/wp-json\/wp\/v2\/types\/post"}],"author":[{"embeddable":true,"href":"https:\/\/codexflores.ch\/index.php\/wp-json\/wp\/v2\/users\/1"}],"replies":[{"embeddable":true,"href":"https:\/\/codexflores.ch\/index.php\/wp-json\/wp\/v2\/comments?post=2933"}],"version-history":[{"count":0,"href":"https:\/\/codexflores.ch\/index.php\/wp-json\/wp\/v2\/posts\/2933\/revisions"}],"wp:attachment":[{"href":"https:\/\/codexflores.ch\/index.php\/wp-json\/wp\/v2\/media?parent=2933"}],"wp:term":[{"taxonomy":"category","embeddable":true,"href":"https:\/\/codexflores.ch\/index.php\/wp-json\/wp\/v2\/categories?post=2933"},{"taxonomy":"post_tag","embeddable":true,"href":"https:\/\/codexflores.ch\/index.php\/wp-json\/wp\/v2\/tags?post=2933"}],"curies":[{"name":"wp","href":"https:\/\/api.w.org\/{rel}","templated":true}]}}