{"id":2935,"date":"2016-06-27T06:07:33","date_gmt":"2016-06-27T06:07:33","guid":{"rendered":"https:\/\/codexflores.ch\/index.php\/2016\/06\/27\/bachhaus-eisenach-wirft-blick-auf-luthers-antijuedische-schriften\/"},"modified":"2016-06-27T06:07:33","modified_gmt":"2016-06-27T06:07:33","slug":"bachhaus-eisenach-wirft-blick-auf-luthers-antijuedische-schriften","status":"publish","type":"post","link":"https:\/\/codexflores.ch\/index.php\/2016\/06\/27\/bachhaus-eisenach-wirft-blick-auf-luthers-antijuedische-schriften\/","title":{"rendered":"Bachhaus Eisenach wirft Blick auf Luthers antij\u00fcdische Schriften"},"content":{"rendered":"<p><span style=\"font-family: arial,helvetica,sans-serif; font-size: small;\">27.06.2016 &#8212; Eine neu er\u00f6ffnete Ausstellung im Bachhaus Eisenach besch\u00e4ftigt sich mit Luthers antij\u00fcdischen Schriften, der Frage des Antijudaismus in Bachs Passionen und der Wiederentdeckung von Bachs Musik in Kreisen des j\u00fcdischen B\u00fcrgertums in der Aufkl\u00e4rung und Romantik.<\/span><\/p>\n<p><span style=\"font-family: arial,helvetica,sans-serif; font-size: small;\"><strong>27.06.2016 &#8212; Eine neu er\u00f6ffnete Ausstellung im Bachhaus Eisenach besch\u00e4ftigt sich mit Luthers antij\u00fcdischen Schriften, der Frage des Antijudaismus in Bachs Passionen und der Wiederentdeckung von Bachs Musik in Kreisen des j\u00fcdischen B\u00fcrgertums in der Aufkl\u00e4rung und Romantik.<\/strong><\/span><\/p>\n<p><span style=\"font-family: arial,helvetica,sans-serif; font-size: small;\">\u00a0<\/span><\/p>\n<p><span style=\"font-family: arial,helvetica,sans-serif; font-size: small;\">In einem ersten Teil der Ausstellung geht es laut der Mitteilung des Bachhauses um Luthers Judenfeindlichkeit und dessen Nachwirken im Luthertum. Thematisiert wird Bachs Interesse an j\u00fcdischer Geschichte und dem (Anti-)Judaismus und die immer wiederkehrende Frage, ob Bachs Passionen judenfeindlich sind.<\/span><\/p>\n<p>\u00a0<\/p>\n<p><span style=\"font-family: arial,helvetica,sans-serif; font-size: small;\"> Ein zweiter Teil widmet sich am Beispiel der Itzig- und der Mendelssohn-Familie sowie von Pers\u00f6nlichkeiten wie Joseph Joachim der Bach-Pflege im j\u00fcdischen B\u00fcrgertum des 19. Jahrhunderts und ihrer Bedeutung f\u00fcr die Bach-Renaissance. Die Ausstellung liefert zugleich einen Nachtrag zum Themenjahr 2013 der Reformations-Dekade \u00abReformation und Toleranz\u00bb.<\/span><\/p>\n<p><span style=\"font-family: arial,helvetica,sans-serif; font-size: small;\"><strong>Infos:<\/strong><\/span><br \/><span style=\"font-family: arial,helvetica,sans-serif; font-size: small;\">\u00abLuther, Bach \u2013 und die Juden\u00bb: Sonderausstellung vom 24.06. \u2013 06.11.2016. Bachhaus Eisenach, Frauenplan 21, 99817 Eisenach.\u00a0 <em>(cf)<\/em><\/span><\/p>\n<p>\u00a0<\/p>\n","protected":false},"excerpt":{"rendered":"<p><span style=\"font-family: arial,helvetica,sans-serif; font-size: small;\">27.06.2016 &#8212; Eine neu er\u00f6ffnete Ausstellung im Bachhaus Eisenach besch\u00e4ftigt sich mit Luthers antij\u00fcdischen Schriften, der Frage des Antijudaismus in Bachs Passionen und der Wiederentdeckung von Bachs Musik in Kreisen des j\u00fcdischen B\u00fcrgertums in der Aufkl\u00e4rung und Romantik.<\/span><\/p>\n","protected":false},"author":1,"featured_media":0,"comment_status":"open","ping_status":"open","sticky":false,"template":"","format":"standard","meta":{"footnotes":""},"categories":[2],"tags":[],"class_list":["post-2935","post","type-post","status-publish","format-standard","hentry","category-nachrichten","entry"],"_links":{"self":[{"href":"https:\/\/codexflores.ch\/index.php\/wp-json\/wp\/v2\/posts\/2935","targetHints":{"allow":["GET"]}}],"collection":[{"href":"https:\/\/codexflores.ch\/index.php\/wp-json\/wp\/v2\/posts"}],"about":[{"href":"https:\/\/codexflores.ch\/index.php\/wp-json\/wp\/v2\/types\/post"}],"author":[{"embeddable":true,"href":"https:\/\/codexflores.ch\/index.php\/wp-json\/wp\/v2\/users\/1"}],"replies":[{"embeddable":true,"href":"https:\/\/codexflores.ch\/index.php\/wp-json\/wp\/v2\/comments?post=2935"}],"version-history":[{"count":0,"href":"https:\/\/codexflores.ch\/index.php\/wp-json\/wp\/v2\/posts\/2935\/revisions"}],"wp:attachment":[{"href":"https:\/\/codexflores.ch\/index.php\/wp-json\/wp\/v2\/media?parent=2935"}],"wp:term":[{"taxonomy":"category","embeddable":true,"href":"https:\/\/codexflores.ch\/index.php\/wp-json\/wp\/v2\/categories?post=2935"},{"taxonomy":"post_tag","embeddable":true,"href":"https:\/\/codexflores.ch\/index.php\/wp-json\/wp\/v2\/tags?post=2935"}],"curies":[{"name":"wp","href":"https:\/\/api.w.org\/{rel}","templated":true}]}}