{"id":2936,"date":"2016-06-28T05:34:14","date_gmt":"2016-06-28T05:34:14","guid":{"rendered":"https:\/\/codexflores.ch\/index.php\/2016\/06\/28\/brunnen-gedenkt-othmar-schoeck\/"},"modified":"2016-06-28T05:34:14","modified_gmt":"2016-06-28T05:34:14","slug":"brunnen-gedenkt-othmar-schoeck","status":"publish","type":"post","link":"https:\/\/codexflores.ch\/index.php\/2016\/06\/28\/brunnen-gedenkt-othmar-schoeck\/","title":{"rendered":"Brunnen gedenkt Othmar Schoeck"},"content":{"rendered":"<p><span style=\"font-family: arial,helvetica,sans-serif; font-size: small;\">28.06.2016 &#8212; Zwischen dem 1. und 11. September wird in Brunnen, im Kanton Schwyz, dem Komponisten Othmar Schoeck gedacht. Das Festival findet an den Originalschaupl\u00e4tzen statt: in der Villa Eden, dem Wohnhaus der Familie, im Seehotel, das von Schoecks Grossvater erbaut worden ist, oder im Atelier von Alfred Schoeck.<\/span><\/p>\n<p><span style=\"font-family: arial,helvetica,sans-serif; font-size: small;\"><strong>28.06.2016 &#8212; Zwischen dem 1. und 11. September wird in Brunnen, im Kanton Schwyz, dem Komponisten Othmar Schoeck gedacht. Das Festival findet an den Originalschaupl\u00e4tzen statt: in der Villa Eden, dem Wohnhaus der Familie, im Seehotel, das von Schoecks Grossvater erbaut worden ist, oder im Atelier von Alfred Schoeck.<\/strong><\/span><\/p>\n<p>\u00a0<\/p>\n<p><span style=\"font-family: arial,helvetica,sans-serif; font-size: small;\">Unter anderem ist erstmals nach der Urauff\u00fchrung von 1907 wieder die Musik zu h\u00f6ren, die Schoeck damals f\u00fcr das Schwyzer Japanesenspiel geschrieben hat. Vorgetragen werden die Werke vom Orchester Brunnen, der Musikgesellschaft Brunnen, dem Singkreis Brunnen und dem M\u00e4nnechor Brunnen. Weiter finden mehrere kommentierte F\u00fchrungen im Atelier des Schoeck-Wohnhauses statt. <\/span><\/p>\n<p>\u00a0<\/p>\n<p><span style=\"font-family: arial,helvetica,sans-serif; font-size: small;\">In einer Performance geht zudem das Musiktheater-Kollektiv Lwowski-Kronfort aus Berlin den Figuren aus Schoecks Werk nach und l\u00e4sst diese durch \u00abOthmars Geisterhaus\u00bb ziehen. Um die Bedeutung von Schoeck als Liedkomponist zu w\u00fcrdigen, findet ein internationaler Wettbewerb f\u00fcr Lied-Duo statt. Ein ebenfalls internationales Symposium befasst sich analysierend mit Schoecks letzter Oper \u00abDas Schloss D\u00fcrande\u00bb.<\/span><\/p>\n<p><span style=\"font-family: arial,helvetica,sans-serif; font-size: small;\">\u00a0<\/span><\/p>\n<p><span style=\"font-family: arial,helvetica,sans-serif; font-size: small;\"> Ebenfalls steht ein Kammerkonzert mit Werken von Schoeck, Raff und Brahms auf dem Programm. Die Ausf\u00fchrenden sind Bernhard Billeter und Slobodan Mirkovic. Zu Gast f\u00fcr ein weiteres Konzert ist das international bekannte Merel-Quartett, das zusammen mit Bariton Christian Hilz auftritt. Und zum Schluss wird die Camerata Schweiz unter der Leitung von Dirigentin Graziella Contratto zu einem Sinfoniekonzert einladen. <em>(cf)<\/em> <\/span><\/p>\n<p><span style=\"font-family: arial,helvetica,sans-serif; font-size: small;\"><em>\u00a0<\/em><\/span><\/p>\n<p><span style=\"font-family: arial,helvetica,sans-serif; font-size: small;\"><strong>Mehr Info<\/strong>s:\u00a0 <a href=\"http:\/\/www.schoeckfestival.ch\/\">www.schoeckfestival.ch<\/a><\/span><em><\/p>\n<p><\/em><\/p>\n","protected":false},"excerpt":{"rendered":"<p><span style=\"font-family: arial,helvetica,sans-serif; font-size: small;\">28.06.2016 &#8212; Zwischen dem 1. und 11. September wird in Brunnen, im Kanton Schwyz, dem Komponisten Othmar Schoeck gedacht. Das Festival findet an den Originalschaupl\u00e4tzen statt: in der Villa Eden, dem Wohnhaus der Familie, im Seehotel, das von Schoecks Grossvater erbaut worden ist, oder im Atelier von Alfred Schoeck.<\/span><\/p>\n","protected":false},"author":1,"featured_media":0,"comment_status":"open","ping_status":"open","sticky":false,"template":"","format":"standard","meta":{"footnotes":""},"categories":[2],"tags":[],"class_list":["post-2936","post","type-post","status-publish","format-standard","hentry","category-nachrichten","entry"],"_links":{"self":[{"href":"https:\/\/codexflores.ch\/index.php\/wp-json\/wp\/v2\/posts\/2936","targetHints":{"allow":["GET"]}}],"collection":[{"href":"https:\/\/codexflores.ch\/index.php\/wp-json\/wp\/v2\/posts"}],"about":[{"href":"https:\/\/codexflores.ch\/index.php\/wp-json\/wp\/v2\/types\/post"}],"author":[{"embeddable":true,"href":"https:\/\/codexflores.ch\/index.php\/wp-json\/wp\/v2\/users\/1"}],"replies":[{"embeddable":true,"href":"https:\/\/codexflores.ch\/index.php\/wp-json\/wp\/v2\/comments?post=2936"}],"version-history":[{"count":0,"href":"https:\/\/codexflores.ch\/index.php\/wp-json\/wp\/v2\/posts\/2936\/revisions"}],"wp:attachment":[{"href":"https:\/\/codexflores.ch\/index.php\/wp-json\/wp\/v2\/media?parent=2936"}],"wp:term":[{"taxonomy":"category","embeddable":true,"href":"https:\/\/codexflores.ch\/index.php\/wp-json\/wp\/v2\/categories?post=2936"},{"taxonomy":"post_tag","embeddable":true,"href":"https:\/\/codexflores.ch\/index.php\/wp-json\/wp\/v2\/tags?post=2936"}],"curies":[{"name":"wp","href":"https:\/\/api.w.org\/{rel}","templated":true}]}}