{"id":2939,"date":"2016-06-30T05:47:20","date_gmt":"2016-06-30T05:47:20","guid":{"rendered":"https:\/\/codexflores.ch\/index.php\/2016\/06\/30\/leitungswechsel-bei-den-bachwochen-thun\/"},"modified":"2016-06-30T05:47:20","modified_gmt":"2016-06-30T05:47:20","slug":"leitungswechsel-bei-den-bachwochen-thun","status":"publish","type":"post","link":"https:\/\/codexflores.ch\/index.php\/2016\/06\/30\/leitungswechsel-bei-den-bachwochen-thun\/","title":{"rendered":"Leitungswechsel bei den Bachwochen Thun"},"content":{"rendered":"<p><span style=\"font-family: arial,helvetica,sans-serif; font-size: small;\">30.06.2016 &#8212; Julia Vincent, Intendantin der Bachwochen Thun seit September 2007, zieht sich auf Ende Juni 2016 von ihrem Amt zur\u00fcck und \u00fcbertr\u00e4gt die Leitung dem Steffisburger Cembalisten Vital Julian Frey. Der Anlass wird k\u00fcnftig nur noch alle zwei Jahre durchgef\u00fchrt.<\/span><\/p>\n<p><span style=\"font-family: arial,helvetica,sans-serif; font-size: small;\"><strong>30.06.2016 &#8212; Julia Vincent, Intendantin der Bachwochen Thun seit September 2007, zieht sich auf Ende Juni 2016 von ihrem Amt zur\u00fcck und \u00fcbertr\u00e4gt die Leitung dem Steffisburger Cembalisten Vital Julian Frey. Der Anlass wird k\u00fcnftig nur noch alle zwei Jahre durchgef\u00fchrt.<\/strong><\/span><\/p>\n<p><span style=\"font-family: arial,helvetica,sans-serif; font-size: small;\">\u00a0<\/span><\/p>\n<p><span style=\"font-family: arial,helvetica,sans-serif; font-size: small;\">Vital Julian Frey \u00fcbernimmt das Amt des Pr\u00e4sidenten und k\u00fcnstlerischen Leiters, die Thuner Kulturmanagerin Carmen Hess-Reichen \u00fcbernimmt an seiner Seite die Gesch\u00e4ftsf\u00fchrung. Das Programm 2017, zum 30. Jubil\u00e4um der Bachwochen Thun, stammt noch aus der Feder von Julia Vincent, die neue Leitung wird jedoch das Festivaljahr 2017 bereits durchf\u00fchren.<\/span><\/p>\n<p>\u00a0<\/p>\n<p><span style=\"font-family: arial,helvetica,sans-serif; font-size: small;\">Die Bachwochen Thun wechseln gleichzeitig auf einen 2-Jahres-Rhythmus; die n\u00e4chste Ausgabe findet 2017 statt. <em>(cf)<\/em><\/span><\/p>\n<p>\u00a0<\/p>\n","protected":false},"excerpt":{"rendered":"<p><span style=\"font-family: arial,helvetica,sans-serif; font-size: small;\">30.06.2016 &#8212; Julia Vincent, Intendantin der Bachwochen Thun seit September 2007, zieht sich auf Ende Juni 2016 von ihrem Amt zur\u00fcck und \u00fcbertr\u00e4gt die Leitung dem Steffisburger Cembalisten Vital Julian Frey. Der Anlass wird k\u00fcnftig nur noch alle zwei Jahre durchgef\u00fchrt.<\/span><\/p>\n","protected":false},"author":1,"featured_media":0,"comment_status":"open","ping_status":"open","sticky":false,"template":"","format":"standard","meta":{"footnotes":""},"categories":[2],"tags":[],"class_list":["post-2939","post","type-post","status-publish","format-standard","hentry","category-nachrichten","entry"],"_links":{"self":[{"href":"https:\/\/codexflores.ch\/index.php\/wp-json\/wp\/v2\/posts\/2939","targetHints":{"allow":["GET"]}}],"collection":[{"href":"https:\/\/codexflores.ch\/index.php\/wp-json\/wp\/v2\/posts"}],"about":[{"href":"https:\/\/codexflores.ch\/index.php\/wp-json\/wp\/v2\/types\/post"}],"author":[{"embeddable":true,"href":"https:\/\/codexflores.ch\/index.php\/wp-json\/wp\/v2\/users\/1"}],"replies":[{"embeddable":true,"href":"https:\/\/codexflores.ch\/index.php\/wp-json\/wp\/v2\/comments?post=2939"}],"version-history":[{"count":0,"href":"https:\/\/codexflores.ch\/index.php\/wp-json\/wp\/v2\/posts\/2939\/revisions"}],"wp:attachment":[{"href":"https:\/\/codexflores.ch\/index.php\/wp-json\/wp\/v2\/media?parent=2939"}],"wp:term":[{"taxonomy":"category","embeddable":true,"href":"https:\/\/codexflores.ch\/index.php\/wp-json\/wp\/v2\/categories?post=2939"},{"taxonomy":"post_tag","embeddable":true,"href":"https:\/\/codexflores.ch\/index.php\/wp-json\/wp\/v2\/tags?post=2939"}],"curies":[{"name":"wp","href":"https:\/\/api.w.org\/{rel}","templated":true}]}}