{"id":2940,"date":"2016-06-30T05:54:35","date_gmt":"2016-06-30T05:54:35","guid":{"rendered":"https:\/\/codexflores.ch\/index.php\/2016\/06\/30\/geschlechtergerechtigkeit-im-kultur-und-medienbetrieb\/"},"modified":"2016-06-30T05:54:35","modified_gmt":"2016-06-30T05:54:35","slug":"geschlechtergerechtigkeit-im-kultur-und-medienbetrieb","status":"publish","type":"post","link":"https:\/\/codexflores.ch\/index.php\/2016\/06\/30\/geschlechtergerechtigkeit-im-kultur-und-medienbetrieb\/","title":{"rendered":"Geschlechtergerechtigkeit im Kultur- und Medienbetrieb"},"content":{"rendered":"<p><span style=\"font-family: arial,helvetica,sans-serif; font-size: small;\">30.06.2016 &#8212; Eine Studie des Deutschen Kulturrates besch\u00e4ftigt sich mit der Geschlechtergerechtigkeit im Kultur- und Medienbetrieb und der Frage, wie viele Frauen in k\u00fcnstlerischen F\u00e4chern studieren und arbeiten und was sie verdienen.<\/span><\/p>\n<p><span style=\"font-family: arial,helvetica,sans-serif; font-size: small;\"><strong>30.06.2016 &#8212; Eine Studie des Deutschen Kulturrates besch\u00e4ftigt sich mit der Geschlechtergerechtigkeit im Kultur- und Medienbetrieb und der Frage, wie viele Frauen in k\u00fcnstlerischen F\u00e4chern studieren und arbeiten und was sie verdienen.<\/strong><\/span><\/p>\n<p><span style=\"font-family: arial,helvetica,sans-serif; font-size: small;\">\u00a0<\/span><\/p>\n<p><span style=\"font-family: arial,helvetica,sans-serif; font-size: small;\">In dem Buch werden die rechtlichen Rahmenbedingungen f\u00fcr Gleichstellung dargestellt, die Gleichstellungspolitik an Hochschulen unter die Lupe genommen, die Diskussion in den verschiedenen k\u00fcnstlerischen Sparten referiert und K\u00fcnstlerinnen, Kulturmanagerinnen und Verantwortliche aus Kulturunternehmen interviewt.<\/span><\/p>\n<p>\u00a0<\/p>\n<p><span style=\"font-family: arial,helvetica,sans-serif; font-size: small;\">Es werden Daten zu den Frauen in Kulturberufen allgemein, zum Studentinnenanteil in den verschiedenen k\u00fcnstlerischen F\u00e4chern, zum Einkommen von K\u00fcnstlerinnen und K\u00fcnstlern, zur Vertretung von Frauen in Aufsichtsgremien von Rundfunkanstalten, zur Partizipation von Frauen an der individuellen K\u00fcnstlerinnen- und K\u00fcnstlerf\u00f6rderung und zur Pr\u00e4senz von Frauen in Bundeskulturverb\u00e4nden zusammengestellt.<\/span><\/p>\n<p>\u00a0<\/p>\n<p><span style=\"font-family: arial,helvetica,sans-serif; font-size: small;\">Das Buch schlie\u00dft mit konkreten Vorschl\u00e4gen an Politik, Verwaltung, Kultureinrichtungen, Rundfunkanstalten, F\u00f6rdereinrichtungen und Kulturverb\u00e4nde wie mehr Geschlechtergerechtigkeit erreicht werden kann.\u00a0<em> (cf)<\/em><\/span><\/p>\n<p><span style=\"font-family: arial,helvetica,sans-serif; font-size: small;\"><strong>Mehr Infos:<\/strong> <a href=\"https:\/\/www.kulturrat.de\/publikationen\/frauen-in-kultur-und-medien\/\" target=\"_blank\" rel=\"noopener noreferrer\">https:\/\/www.kulturrat.de\/publikationen\/frauen-in-kultur-und-medien\/<\/a><\/span><\/p>\n<p>\u00a0<\/p>\n","protected":false},"excerpt":{"rendered":"<p><span style=\"font-family: arial,helvetica,sans-serif; font-size: small;\">30.06.2016 &#8212; Eine Studie des Deutschen Kulturrates besch\u00e4ftigt sich mit der Geschlechtergerechtigkeit im Kultur- und Medienbetrieb und der Frage, wie viele Frauen in k\u00fcnstlerischen F\u00e4chern studieren und arbeiten und was sie verdienen.<\/span><\/p>\n","protected":false},"author":1,"featured_media":0,"comment_status":"open","ping_status":"open","sticky":false,"template":"","format":"standard","meta":{"footnotes":""},"categories":[2],"tags":[],"class_list":["post-2940","post","type-post","status-publish","format-standard","hentry","category-nachrichten","entry"],"_links":{"self":[{"href":"https:\/\/codexflores.ch\/index.php\/wp-json\/wp\/v2\/posts\/2940","targetHints":{"allow":["GET"]}}],"collection":[{"href":"https:\/\/codexflores.ch\/index.php\/wp-json\/wp\/v2\/posts"}],"about":[{"href":"https:\/\/codexflores.ch\/index.php\/wp-json\/wp\/v2\/types\/post"}],"author":[{"embeddable":true,"href":"https:\/\/codexflores.ch\/index.php\/wp-json\/wp\/v2\/users\/1"}],"replies":[{"embeddable":true,"href":"https:\/\/codexflores.ch\/index.php\/wp-json\/wp\/v2\/comments?post=2940"}],"version-history":[{"count":0,"href":"https:\/\/codexflores.ch\/index.php\/wp-json\/wp\/v2\/posts\/2940\/revisions"}],"wp:attachment":[{"href":"https:\/\/codexflores.ch\/index.php\/wp-json\/wp\/v2\/media?parent=2940"}],"wp:term":[{"taxonomy":"category","embeddable":true,"href":"https:\/\/codexflores.ch\/index.php\/wp-json\/wp\/v2\/categories?post=2940"},{"taxonomy":"post_tag","embeddable":true,"href":"https:\/\/codexflores.ch\/index.php\/wp-json\/wp\/v2\/tags?post=2940"}],"curies":[{"name":"wp","href":"https:\/\/api.w.org\/{rel}","templated":true}]}}