{"id":2942,"date":"2016-07-01T05:53:35","date_gmt":"2016-07-01T05:53:35","guid":{"rendered":"https:\/\/codexflores.ch\/index.php\/2016\/07\/01\/deutscher-foerderfonds-fuer-zeitgenoessische-musik\/"},"modified":"2016-07-01T05:53:35","modified_gmt":"2016-07-01T05:53:35","slug":"deutscher-foerderfonds-fuer-zeitgenoessische-musik","status":"publish","type":"post","link":"https:\/\/codexflores.ch\/index.php\/2016\/07\/01\/deutscher-foerderfonds-fuer-zeitgenoessische-musik\/","title":{"rendered":"Deutscher F\u00f6rderfonds f\u00fcr zeitgen\u00f6ssische Musik"},"content":{"rendered":"<p><span style=\"font-family: arial,helvetica,sans-serif; font-size: small;\">01.07.2016 &#8212; Deutschland erh\u00e4lt einen F\u00f6rderfonds f\u00fcr zeitgen\u00f6ssische Musik. Zur Gr\u00fcndungsversammlung eingeladen worden sind der Deutsche Musikrat und sechs weitere Verb\u00e4nde und Einrichtungen, die sich im Bereich der zeitgen\u00f6ssischen Musik engagieren.<\/span><\/p>\n<p><span style=\"font-family: arial,helvetica,sans-serif; font-size: small;\"><strong>01.07.2016 &#8212; Deutschland erh\u00e4lt einen F\u00f6rderfonds f\u00fcr zeitgen\u00f6ssische Musik. Zur Gr\u00fcndungsversammlung eingeladen worden sind der Deutsche Musikrat und sechs weitere Verb\u00e4nde und Einrichtungen, die sich im Bereich der zeitgen\u00f6ssischen Musik engagieren.<\/strong><\/span><\/p>\n<p><span style=\"font-family: arial,helvetica,sans-serif; font-size: small;\">\u00a0<\/span><\/p>\n<p><span style=\"font-family: arial,helvetica,sans-serif; font-size: small;\">Mit dem Musikfonds sollen k\u00fcnftig Projekte mit einer Antragssumme von bis zu 50&#8217;000 Euro unterst\u00fctzt werden. Insgesamt stehen j\u00e4hrlich 1,1 Millionen Euro f\u00fcr den Fonds zur Verf\u00fcgung. Der Fonds soll laut Martin Maria Kr\u00fcger, Pr\u00e4sident des Deutschen Musikrates, \u00absparten\u00fcbergreifend einen wesentlichen Beitrag zur Weiterentwicklung der zeitgen\u00f6ssischen Musikkultur in Deutschland leisten\u00bb. <\/span><\/p>\n<p>\u00a0<\/p>\n<p><span style=\"font-family: arial,helvetica,sans-serif; font-size: small;\">Neben dem Deutschen Musikrat wurden der Deutsche Komponistenverband, der Deutsche Tonk\u00fcnstlerverband, die Gesellschaft f\u00fcr Neue Musik, die Union Deutscher Jazzmusiker, die Gesellschaft f\u00fcr Elektroakustische Musik und die Initiative Musik zur Gr\u00fcndungsversammlung eingeladen. <em>(cf)<\/em><\/span><\/p>\n","protected":false},"excerpt":{"rendered":"<p><span style=\"font-family: arial,helvetica,sans-serif; font-size: small;\">01.07.2016 &#8212; Deutschland erh\u00e4lt einen F\u00f6rderfonds f\u00fcr zeitgen\u00f6ssische Musik. Zur Gr\u00fcndungsversammlung eingeladen worden sind der Deutsche Musikrat und sechs weitere Verb\u00e4nde und Einrichtungen, die sich im Bereich der zeitgen\u00f6ssischen Musik engagieren.<\/span><\/p>\n","protected":false},"author":1,"featured_media":0,"comment_status":"open","ping_status":"open","sticky":false,"template":"","format":"standard","meta":{"footnotes":""},"categories":[2],"tags":[],"class_list":["post-2942","post","type-post","status-publish","format-standard","hentry","category-nachrichten","entry"],"_links":{"self":[{"href":"https:\/\/codexflores.ch\/index.php\/wp-json\/wp\/v2\/posts\/2942","targetHints":{"allow":["GET"]}}],"collection":[{"href":"https:\/\/codexflores.ch\/index.php\/wp-json\/wp\/v2\/posts"}],"about":[{"href":"https:\/\/codexflores.ch\/index.php\/wp-json\/wp\/v2\/types\/post"}],"author":[{"embeddable":true,"href":"https:\/\/codexflores.ch\/index.php\/wp-json\/wp\/v2\/users\/1"}],"replies":[{"embeddable":true,"href":"https:\/\/codexflores.ch\/index.php\/wp-json\/wp\/v2\/comments?post=2942"}],"version-history":[{"count":0,"href":"https:\/\/codexflores.ch\/index.php\/wp-json\/wp\/v2\/posts\/2942\/revisions"}],"wp:attachment":[{"href":"https:\/\/codexflores.ch\/index.php\/wp-json\/wp\/v2\/media?parent=2942"}],"wp:term":[{"taxonomy":"category","embeddable":true,"href":"https:\/\/codexflores.ch\/index.php\/wp-json\/wp\/v2\/categories?post=2942"},{"taxonomy":"post_tag","embeddable":true,"href":"https:\/\/codexflores.ch\/index.php\/wp-json\/wp\/v2\/tags?post=2942"}],"curies":[{"name":"wp","href":"https:\/\/api.w.org\/{rel}","templated":true}]}}