{"id":2943,"date":"2016-07-01T06:04:41","date_gmt":"2016-07-01T06:04:41","guid":{"rendered":"https:\/\/codexflores.ch\/index.php\/2016\/07\/01\/nelsons-will-in-bayreuth-nicht-dirigieren\/"},"modified":"2016-07-01T06:04:41","modified_gmt":"2016-07-01T06:04:41","slug":"nelsons-will-in-bayreuth-nicht-dirigieren","status":"publish","type":"post","link":"https:\/\/codexflores.ch\/index.php\/2016\/07\/01\/nelsons-will-in-bayreuth-nicht-dirigieren\/","title":{"rendered":"Nelsons will in Bayreuth nicht dirigieren"},"content":{"rendered":"<p><span style=\"font-family: arial,helvetica,sans-serif; font-size: small;\">01.07.2016 &#8212; Wie die Bayreuther Festspiele mitteilen, hat Andris Nelsons die Festspielleitung und Gesch\u00e4ftsf\u00fchrung um die Aufl\u00f6sung seines Vertrags f\u00fcr die diesj\u00e4hrige Neuinszenierung des \u00abParsifal\u00bb gebeten.<\/span><\/p>\n<p><span style=\"font-family: arial,helvetica,sans-serif; font-size: small;\"><strong><span style=\"font-family: arial,helvetica,sans-serif; font-size: small;\">01.07.2016 &#8212; Wie die Bayreuther Festspiele mitteilen, hat Andris Nelsons die Festspielleitung und Gesch\u00e4ftsf\u00fchrung um die Aufl\u00f6sung seines Vertrags f\u00fcr die diesj\u00e4hrige Neuinszenierung des \u00abParsifal\u00bb gebeten.<\/span><br \/><\/strong><\/span><\/p>\n<p><span style=\"font-family: arial,helvetica,sans-serif; font-size: small;\">\u00a0<\/span><\/p>\n<p><span style=\"font-family: arial,helvetica,sans-serif; font-size: small;\">Leider h\u00e4tten \u00abdie Umst\u00e4nde bei den diesj\u00e4hrigen Bayreuther Festspielen Andris Nelsons nicht die Atmosph\u00e4re erm\u00f6glicht, die er f\u00fcr seine k\u00fcnstlerische Arbeit ben\u00f6tigt\u00bb, heisst es in der Mitteilung. Die Bayreuther Festspiele stimmten der Bitte \u00abmit Bedauern\u00bb zu.<\/span><\/p>\n<p><span style=\"font-family: arial,helvetica,sans-serif; font-size: small;\">\u00a0<\/span><\/p>\n<p><span style=\"font-family: arial,helvetica,sans-serif; font-size: small;\">Laut dem Musikpublizisten <a href=\"http:\/\/slippedisc.com\/2016\/06\/reports-andris-nelsons-quits-bayreuth\/\" target=\"_blank\" rel=\"noopener noreferrer\">Norman Lebrecht<\/a> d\u00fcrften Differenzen Nelsons mit\u00a0Christian Thielemann, dem Musikalischen Leiter der Festspiele ein Grund f\u00fcr die Entscheidung sein.<em> (cf)<\/em><\/span><\/p>\n","protected":false},"excerpt":{"rendered":"<p><span style=\"font-family: arial,helvetica,sans-serif; font-size: small;\">01.07.2016 &#8212; Wie die Bayreuther Festspiele mitteilen, hat Andris Nelsons die Festspielleitung und Gesch\u00e4ftsf\u00fchrung um die Aufl\u00f6sung seines Vertrags f\u00fcr die diesj\u00e4hrige Neuinszenierung des \u00abParsifal\u00bb gebeten.<\/span><\/p>\n","protected":false},"author":1,"featured_media":0,"comment_status":"open","ping_status":"open","sticky":false,"template":"","format":"standard","meta":{"footnotes":""},"categories":[2],"tags":[],"class_list":["post-2943","post","type-post","status-publish","format-standard","hentry","category-nachrichten","entry"],"_links":{"self":[{"href":"https:\/\/codexflores.ch\/index.php\/wp-json\/wp\/v2\/posts\/2943","targetHints":{"allow":["GET"]}}],"collection":[{"href":"https:\/\/codexflores.ch\/index.php\/wp-json\/wp\/v2\/posts"}],"about":[{"href":"https:\/\/codexflores.ch\/index.php\/wp-json\/wp\/v2\/types\/post"}],"author":[{"embeddable":true,"href":"https:\/\/codexflores.ch\/index.php\/wp-json\/wp\/v2\/users\/1"}],"replies":[{"embeddable":true,"href":"https:\/\/codexflores.ch\/index.php\/wp-json\/wp\/v2\/comments?post=2943"}],"version-history":[{"count":0,"href":"https:\/\/codexflores.ch\/index.php\/wp-json\/wp\/v2\/posts\/2943\/revisions"}],"wp:attachment":[{"href":"https:\/\/codexflores.ch\/index.php\/wp-json\/wp\/v2\/media?parent=2943"}],"wp:term":[{"taxonomy":"category","embeddable":true,"href":"https:\/\/codexflores.ch\/index.php\/wp-json\/wp\/v2\/categories?post=2943"},{"taxonomy":"post_tag","embeddable":true,"href":"https:\/\/codexflores.ch\/index.php\/wp-json\/wp\/v2\/tags?post=2943"}],"curies":[{"name":"wp","href":"https:\/\/api.w.org\/{rel}","templated":true}]}}