{"id":2944,"date":"2016-07-04T06:10:35","date_gmt":"2016-07-04T06:10:35","guid":{"rendered":"https:\/\/codexflores.ch\/index.php\/2016\/07\/04\/deutscher-musikrat-besorgt-ueber-europas-freihandelspolitik\/"},"modified":"2016-07-04T06:10:35","modified_gmt":"2016-07-04T06:10:35","slug":"deutscher-musikrat-besorgt-ueber-europas-freihandelspolitik","status":"publish","type":"post","link":"https:\/\/codexflores.ch\/index.php\/2016\/07\/04\/deutscher-musikrat-besorgt-ueber-europas-freihandelspolitik\/","title":{"rendered":"Deutscher Musikrat besorgt \u00fcber Europas Freihandelspolitik"},"content":{"rendered":"<p><span style=\"font-family: arial,helvetica,sans-serif; font-size: small;\">04.07.2016 &#8212; Die EU-Kommission plant offenbar, das Freihandelsabkommen zwischen der EU und Kanada ohne Einbindung der nationalen Parlamente zu verabschieden. Die Strategie k\u00f6nnte laut dem Deutschen Musikrat beunruhigende Konsequenzen f\u00fcr die europ\u00e4ische Kulturpolitk haben.<\/span><\/p>\n<p><span style=\"font-family: arial,helvetica,sans-serif; font-size: small;\"><strong>04.07.2016 &#8212; Die EU-Kommission plant offenbar, das Freihandelsabkommen zwischen der EU und Kanada ohne Einbindung der nationalen Parlamente zu verabschieden. Die Strategie k\u00f6nnte laut dem Deutschen Musikrat beunruhigende Konsequenzen f\u00fcr die europ\u00e4ische Kulturpolitk haben.<\/strong><\/span><\/p>\n<p><span style=\"font-family: arial,helvetica,sans-serif; font-size: small;\">\u00a0<\/span><\/p>\n<p><span style=\"font-family: arial,helvetica,sans-serif; font-size: small;\">Das Freihandelsabkommen CETA zwischen der EU und Kanada gilt als Vorbild f\u00fcr TTIP, das geplante Freihandelsabkommen zwischen der EU und den USA. Laut Martin Maria Kr\u00fcger, dem Pr\u00e4sidenten des Deutschen Musikrates ist eine Beteiligung der nationalen Parlamente f\u00fcr die Entscheidung \u00fcber das Freihandelsabkommen CETA gerade auch im Hinblick auf die laufenden Verhandlungen zu TTIP unverzichtbar. <\/span><\/p>\n<p>\u00a0<\/p>\n<p><span style=\"font-family: arial,helvetica,sans-serif; font-size: small;\">Die Europ\u00e4ische Union m\u00fcsse, so Kr\u00fcger, den nationalen Parlamenten ihre demokratischen Mitwirkungsrechte gew\u00e4hren, um bei den B\u00fcrgerinnen und B\u00fcrgern Akzeptanz zu finden. Es d\u00fcrfe bei der Abstimmung nicht unber\u00fccksichtigt bleiben, dass die Vielfalt des Musiklebens durch CETA in der vorliegenden Fassung grundlegend gef\u00e4hrdet w\u00e4re.<\/span><\/p>\n<p>\u00a0<\/p>\n<p><span style=\"font-family: arial,helvetica,sans-serif; font-size: small;\">USA und Kanada haben andere Systeme der Kulturf\u00f6rderung als die europ\u00e4ischen L\u00e4nder. Kulturpolitiker bef\u00fcrchten, dass mit den Freihandelsakommen die typisch europ\u00e4ischen staatlichen Subventionssysteme f\u00fcr Kultur unter Druck geraten k\u00f6nnten, weil sie f\u00fcr die Amerikaner als Hemmnisse f\u00fcr den freien Handel betrachtet werden. <em>(cf)<\/em>\u00a0 \u00a0 <\/span><\/p>\n","protected":false},"excerpt":{"rendered":"<p><span style=\"font-family: arial,helvetica,sans-serif; font-size: small;\">04.07.2016 &#8212; Die EU-Kommission plant offenbar, das Freihandelsabkommen zwischen der EU und Kanada ohne Einbindung der nationalen Parlamente zu verabschieden. Die Strategie k\u00f6nnte laut dem Deutschen Musikrat beunruhigende Konsequenzen f\u00fcr die europ\u00e4ische Kulturpolitk haben.<\/span><\/p>\n","protected":false},"author":1,"featured_media":0,"comment_status":"open","ping_status":"open","sticky":false,"template":"","format":"standard","meta":{"footnotes":""},"categories":[2],"tags":[],"class_list":["post-2944","post","type-post","status-publish","format-standard","hentry","category-nachrichten","entry"],"_links":{"self":[{"href":"https:\/\/codexflores.ch\/index.php\/wp-json\/wp\/v2\/posts\/2944","targetHints":{"allow":["GET"]}}],"collection":[{"href":"https:\/\/codexflores.ch\/index.php\/wp-json\/wp\/v2\/posts"}],"about":[{"href":"https:\/\/codexflores.ch\/index.php\/wp-json\/wp\/v2\/types\/post"}],"author":[{"embeddable":true,"href":"https:\/\/codexflores.ch\/index.php\/wp-json\/wp\/v2\/users\/1"}],"replies":[{"embeddable":true,"href":"https:\/\/codexflores.ch\/index.php\/wp-json\/wp\/v2\/comments?post=2944"}],"version-history":[{"count":0,"href":"https:\/\/codexflores.ch\/index.php\/wp-json\/wp\/v2\/posts\/2944\/revisions"}],"wp:attachment":[{"href":"https:\/\/codexflores.ch\/index.php\/wp-json\/wp\/v2\/media?parent=2944"}],"wp:term":[{"taxonomy":"category","embeddable":true,"href":"https:\/\/codexflores.ch\/index.php\/wp-json\/wp\/v2\/categories?post=2944"},{"taxonomy":"post_tag","embeddable":true,"href":"https:\/\/codexflores.ch\/index.php\/wp-json\/wp\/v2\/tags?post=2944"}],"curies":[{"name":"wp","href":"https:\/\/api.w.org\/{rel}","templated":true}]}}