{"id":2953,"date":"2016-07-12T06:11:49","date_gmt":"2016-07-12T06:11:49","guid":{"rendered":"https:\/\/codexflores.ch\/index.php\/2016\/07\/12\/deutsches-kulturstaatsministerium-finanziert-barenboim-said-akademie\/"},"modified":"2016-07-12T06:11:49","modified_gmt":"2016-07-12T06:11:49","slug":"deutsches-kulturstaatsministerium-finanziert-barenboim-said-akademie","status":"publish","type":"post","link":"https:\/\/codexflores.ch\/index.php\/2016\/07\/12\/deutsches-kulturstaatsministerium-finanziert-barenboim-said-akademie\/","title":{"rendered":"Deutsches Kulturstaatsministerium finanziert Barenboim-Said Akademie"},"content":{"rendered":"<p><span style=\"font-family: arial,helvetica,sans-serif; font-size: small;\">12.07.2016 &#8212; Das Deutsche Kulturstaatsministerium leistet ein Beitrag von <\/span><span style=\"font-family: arial,helvetica,sans-serif; font-size: small;\">20 Millionen Euro <\/span><span style=\"font-family: arial,helvetica,sans-serif; font-size: small;\">zum Bau einer Berliner Barenboim-Said Akademie und tr\u00e4gt auch die Betriebskosten der Einrichtung. Im kommenden Jahr stehen dazu 5,5 Millionen Euro zur Verf\u00fcgung.<\/span><\/p>\n<p><strong><span style=\"font-family: arial,helvetica,sans-serif; font-size: small;\">12.07.2016 &#8212; Das Deutsche Kulturstaatsministerium leistet ein Beitrag von <\/span><span style=\"font-family: arial,helvetica,sans-serif; font-size: small;\">20 Millionen Euro <\/span><span style=\"font-family: arial,helvetica,sans-serif; font-size: small;\">zum Bau einer Berliner Barenboim-Said Akademie und tr\u00e4gt auch die Betriebskosten der Einrichtung. Im kommenden Jahr stehen dazu 5,5 Millionen Euro zur Verf\u00fcgung.<\/span><\/strong><\/p>\n<p>\u00a0<\/p>\n<p><span style=\"font-family: arial,helvetica,sans-serif; font-size: small;\">Mit der Akademie<span style=\"font-family: arial,helvetica,sans-serif; font-size: small;\">, in der in Berlin bis zu 100 israelische und arabische Musik-Studentinnen und -Studenten jeweils vier Jahre lang ausgebildet werden sollen<\/span>, entwickelt der Dirigent und Pianist Daniel Barenboim laut der Mitteilung des Ministeriums die Idee des <span lang=\"en-GB\">West-Eastern Divan Orchestra<\/span> weiter: Den Dialog zwischen den verschiedenen Kulturen des Nahen Ostens durch gemeinsames Musizieren und Lernen zu bef\u00f6rdern. <\/span><\/p>\n<p><span style=\"font-family: arial,helvetica,sans-serif; font-size: small;\">\u00a0<\/span><\/p>\n<p><span style=\"font-family: arial,helvetica,sans-serif; font-size: small;\">Neben Instrumental- und Musikunterricht sollen auch Philosophie, Geschichte und Literatur zum Lehrangebot geh\u00f6ren. Zum Wintersemester werden dreissig junge, hochbegabte Frauen und M\u00e4nner aus dem Nahen Osten ihr Studium aufnehmen.<\/span><\/p>\n<p>\u00a0<\/p>\n<p><span style=\"font-family: arial,helvetica,sans-serif; font-size: small;\">Die R\u00e4ume der Akademie &#8211; B\u00fcros, Proben- und Seminarr\u00e4ume &#8211; sollen Ende Juli bezogen werden. Kernst\u00fcck des Baus ist der<span lang=\"fr\"> Pierre Boulez<\/span> Saal. Der Kammermusiksaal mit mehr als 600 Pl\u00e4tzen wird nach Entw\u00fcrfen des amerikanischen Architekten <span lang=\"en-GB\">Frank Gehry<\/span> realisiert, f\u00fcr die Akustik des Saals zeichnet der Akustiker Yasuhisa Toyota verantwortlich. <em>(cf)<\/em><\/span><\/p>\n<p>\u00a0<\/p>\n","protected":false},"excerpt":{"rendered":"<p><span style=\"font-family: arial,helvetica,sans-serif; font-size: small;\">12.07.2016 &#8212; Das Deutsche Kulturstaatsministerium leistet ein Beitrag von <\/span><span style=\"font-family: arial,helvetica,sans-serif; font-size: small;\">20 Millionen Euro <\/span><span style=\"font-family: arial,helvetica,sans-serif; font-size: small;\">zum Bau einer Berliner Barenboim-Said Akademie und tr\u00e4gt auch die Betriebskosten der Einrichtung. Im kommenden Jahr stehen dazu 5,5 Millionen Euro zur Verf\u00fcgung.<\/span><\/p>\n","protected":false},"author":1,"featured_media":0,"comment_status":"open","ping_status":"open","sticky":false,"template":"","format":"standard","meta":{"footnotes":""},"categories":[2],"tags":[],"class_list":["post-2953","post","type-post","status-publish","format-standard","hentry","category-nachrichten","entry"],"_links":{"self":[{"href":"https:\/\/codexflores.ch\/index.php\/wp-json\/wp\/v2\/posts\/2953","targetHints":{"allow":["GET"]}}],"collection":[{"href":"https:\/\/codexflores.ch\/index.php\/wp-json\/wp\/v2\/posts"}],"about":[{"href":"https:\/\/codexflores.ch\/index.php\/wp-json\/wp\/v2\/types\/post"}],"author":[{"embeddable":true,"href":"https:\/\/codexflores.ch\/index.php\/wp-json\/wp\/v2\/users\/1"}],"replies":[{"embeddable":true,"href":"https:\/\/codexflores.ch\/index.php\/wp-json\/wp\/v2\/comments?post=2953"}],"version-history":[{"count":0,"href":"https:\/\/codexflores.ch\/index.php\/wp-json\/wp\/v2\/posts\/2953\/revisions"}],"wp:attachment":[{"href":"https:\/\/codexflores.ch\/index.php\/wp-json\/wp\/v2\/media?parent=2953"}],"wp:term":[{"taxonomy":"category","embeddable":true,"href":"https:\/\/codexflores.ch\/index.php\/wp-json\/wp\/v2\/categories?post=2953"},{"taxonomy":"post_tag","embeddable":true,"href":"https:\/\/codexflores.ch\/index.php\/wp-json\/wp\/v2\/tags?post=2953"}],"curies":[{"name":"wp","href":"https:\/\/api.w.org\/{rel}","templated":true}]}}