{"id":2955,"date":"2016-07-15T09:01:36","date_gmt":"2016-07-15T09:01:36","guid":{"rendered":"https:\/\/codexflores.ch\/index.php\/2016\/07\/15\/deutschland-bereitet-beethoven-jahr-2020-vor\/"},"modified":"2016-07-15T09:01:36","modified_gmt":"2016-07-15T09:01:36","slug":"deutschland-bereitet-beethoven-jahr-2020-vor","status":"publish","type":"post","link":"https:\/\/codexflores.ch\/index.php\/2016\/07\/15\/deutschland-bereitet-beethoven-jahr-2020-vor\/","title":{"rendered":"Deutschland bereitet Beethoven-Jahr 2020 vor"},"content":{"rendered":"<p><span style=\"font-family: arial,helvetica,sans-serif; font-size: small;\">15.07.2016 &#8212; Der 250. Geburtstag Beethovens im Jahr 2020 wird als ein deutschlandweites Fest mit internationaler Ausstrahlung begangen. Dazu haben die Verantwortlichen ein rechtlich gesch\u00fctztes Markenzeichen kreiert: BTHVN2020.<\/span><\/p>\n<p>\u00a0<\/p>\n<p><span style=\"font-family: arial,helvetica,sans-serif; font-size: small;\"><strong>15.07.2016 &#8212; Der 250. Geburtstag Beethovens im Jahr 2020 wird als ein deutschlandweites Fest mit internationaler Ausstrahlung begangen. Dazu haben die Verantwortlichen ein rechtlich gesch\u00fctztes Markenzeichen kreiert: BTHVN2020.<\/strong><\/span><\/p>\n<p><span style=\"font-family: arial,helvetica,sans-serif; font-size: small;\">\u00a0<\/span><\/p>\n<p><span style=\"font-family: arial,helvetica,sans-serif; font-size: small;\">Die Strukturen der Beethovenpflege in Bonn und der Region sollen laut einer Pr\u00e4sentation des Bundes, des Landes Nordrhein-Westfalen und der Stadt Bonn im Rahmen des Jubil\u00e4umsjahres gest\u00e4rkt und ausgebaut werden. Die Aktivit\u00e4ten erstrecken sich bundesweit und ganzj\u00e4hrig mit kulturellen Angeboten vom 16. Dezember 2019 bis zum 17. Dezember 2020 (250. Tauftag Beethovens). <\/span><\/p>\n<p>\u00a0<\/p>\n<p><span style=\"font-family: arial,helvetica,sans-serif; font-size: small;\">Realisiert werden unter anderem Projekte, die sich mit Beethovens Entwicklung zum eigenst\u00e4ndigen K\u00fcnstler befassen oder mit seinem radikalen K\u00fcnstlertum und seinen Sozialutopien. Dabei soll auch nachgedacht werden \u00fcber die Zukunft klassischer Musik, auch mit Ideen zu zeitgem\u00e4ssen Formen ihrer Pr\u00e4sentation und Inszenierung.<\/span><\/p>\n<p><span style=\"font-family: arial,helvetica,sans-serif; font-size: small;\">\u00a0<\/span><\/p>\n<p><span style=\"font-family: arial,helvetica,sans-serif; font-size: small;\">\u00dcber das Internetportal <a href=\"http:\/\/BTHVN2020.de\" target=\"_blank\" rel=\"noopener noreferrer\">BTHVN2020.de<\/a> k\u00f6nnen sich alle Interessierte, alle Vereinigungen, Institutionen und Unternehmen zu Beethovens 250. Geburtstag vernetzen und \u00fcber aktuelle Entwicklungen zu BTHVN2020 informieren. Sie k\u00f6nnen eigene Projekte und Termine zur Ver\u00f6ffentlichung auf dem Kalender vorschlagen und eine Nutzung des rechtlich gesch\u00fctzten Logos anfragen. <em>(cf)<\/em><\/span><\/p>\n","protected":false},"excerpt":{"rendered":"<p><span style=\"font-family: arial,helvetica,sans-serif; font-size: small;\">15.07.2016 &#8212; Der 250. Geburtstag Beethovens im Jahr 2020 wird als ein deutschlandweites Fest mit internationaler Ausstrahlung begangen. Dazu haben die Verantwortlichen ein rechtlich gesch\u00fctztes Markenzeichen kreiert: BTHVN2020.<\/span><\/p>\n","protected":false},"author":1,"featured_media":0,"comment_status":"open","ping_status":"open","sticky":false,"template":"","format":"standard","meta":{"footnotes":""},"categories":[2],"tags":[],"class_list":["post-2955","post","type-post","status-publish","format-standard","hentry","category-nachrichten","entry"],"_links":{"self":[{"href":"https:\/\/codexflores.ch\/index.php\/wp-json\/wp\/v2\/posts\/2955","targetHints":{"allow":["GET"]}}],"collection":[{"href":"https:\/\/codexflores.ch\/index.php\/wp-json\/wp\/v2\/posts"}],"about":[{"href":"https:\/\/codexflores.ch\/index.php\/wp-json\/wp\/v2\/types\/post"}],"author":[{"embeddable":true,"href":"https:\/\/codexflores.ch\/index.php\/wp-json\/wp\/v2\/users\/1"}],"replies":[{"embeddable":true,"href":"https:\/\/codexflores.ch\/index.php\/wp-json\/wp\/v2\/comments?post=2955"}],"version-history":[{"count":0,"href":"https:\/\/codexflores.ch\/index.php\/wp-json\/wp\/v2\/posts\/2955\/revisions"}],"wp:attachment":[{"href":"https:\/\/codexflores.ch\/index.php\/wp-json\/wp\/v2\/media?parent=2955"}],"wp:term":[{"taxonomy":"category","embeddable":true,"href":"https:\/\/codexflores.ch\/index.php\/wp-json\/wp\/v2\/categories?post=2955"},{"taxonomy":"post_tag","embeddable":true,"href":"https:\/\/codexflores.ch\/index.php\/wp-json\/wp\/v2\/tags?post=2955"}],"curies":[{"name":"wp","href":"https:\/\/api.w.org\/{rel}","templated":true}]}}