{"id":2961,"date":"2016-08-04T05:43:02","date_gmt":"2016-08-04T05:43:02","guid":{"rendered":"https:\/\/codexflores.ch\/index.php\/2016\/08\/04\/netzwerk-liedwelt-rheinland\/"},"modified":"2016-08-04T05:43:02","modified_gmt":"2016-08-04T05:43:02","slug":"netzwerk-liedwelt-rheinland","status":"publish","type":"post","link":"https:\/\/codexflores.ch\/index.php\/2016\/08\/04\/netzwerk-liedwelt-rheinland\/","title":{"rendered":"Netzwerk Liedwelt Rheinland"},"content":{"rendered":"<p><span style=\"font-family: arial,helvetica,sans-serif; font-size: small;\">04.08.2016 &#8212; Ein \u00abNetzwerk Liedwelt Rheinland\u00bb widmet sich als digitale Plattform dem Kunstlied. Das Projekt wird vom Land Nordrhein-Westfalen und vom LVR, dem Landschaftsverband Rheinland, gef\u00f6rdert.<\/span><\/p>\n<p><span style=\"font-family: arial,helvetica,sans-serif; font-size: small;\"><strong>04.08.2016 &#8212; Ein \u00abNetzwerk Liedwelt Rheinland\u00bb widmet sich als digitale Plattform dem Kunstlied. Das Projekt wird vom Land Nordrhein-Westfalen und vom LVR, dem Landschaftsverband Rheinland, gef\u00f6rdert.<\/strong><\/span><\/p>\n<p><span style=\"font-family: arial,helvetica,sans-serif; font-size: small;\">\u00a0<\/span><\/p>\n<p><span style=\"font-family: arial,helvetica,sans-serif; font-size: small;\">Das Projekt vernetzt professionelle und nichtprofessionelle K\u00fcnstlerinnen und K\u00fcnstler sowie weitere Interessierte. Netzwerkpartner, die einen j\u00e4hrlichen Beitrag zwischen 18,24 und 100 Euro (bei Premium-Mitgliedschaft) bezahlen, haben die M\u00f6glichkeit, ihre Angebote und Veranstaltungen zu bewerben.<\/span><\/p>\n<p>\u00a0<\/p>\n<p><span style=\"font-family: arial,helvetica,sans-serif; font-size: small;\"> Ebenso ist ein Austausch \u00fcber Veranstaltungsorte, Repertoire oder auch Suche-Gesuche (suche Liedbegleiter oder Probenraum und so weiter) Teil des Konzepts. Die Liedwelt Rheinland will \u00fcberdies Plattform f\u00fcr Fortbildungsangebote sein, die Stimme und Gesang betreffen.<\/span><\/p>\n<p><span style=\"font-family: arial,helvetica,sans-serif; font-size: small;\">\u00a0<\/span><\/p>\n<p><span style=\"font-family: arial,helvetica,sans-serif; font-size: small;\">Das Netzwerk kn\u00fcpft an eine lange Liedtradition der Region an: Schumann, Brahms und Mendelssohn waren nicht nur ausgezeichnete Liedkomponisten, sondern leiteten auch das Rheinische Musikfest, das bis zum Ende des 20. Jahrhunderts fast 200 Jahre existierte. <em>(cf)<\/em><\/span><\/p>\n<p><span style=\"font-family: arial,helvetica,sans-serif; font-size: small;\">\u00a0<\/span><\/p>\n<p><span style=\"font-family: arial,helvetica,sans-serif; font-size: small;\"><strong>Mehr Infos:<\/strong> <a href=\"http:\/\/www.liedwelt-rheinland.de\" target=\"_blank\" rel=\"noopener noreferrer\">www.liedwelt-rheinland.de<\/a>\u00a0<\/span><\/p>\n<p>\u00a0<\/p>\n","protected":false},"excerpt":{"rendered":"<p><span style=\"font-family: arial,helvetica,sans-serif; font-size: small;\">04.08.2016 &#8212; Ein \u00abNetzwerk Liedwelt Rheinland\u00bb widmet sich als digitale Plattform dem Kunstlied. Das Projekt wird vom Land Nordrhein-Westfalen und vom LVR, dem Landschaftsverband Rheinland, gef\u00f6rdert.<\/span><\/p>\n","protected":false},"author":1,"featured_media":0,"comment_status":"open","ping_status":"open","sticky":false,"template":"","format":"standard","meta":{"footnotes":""},"categories":[2],"tags":[],"class_list":["post-2961","post","type-post","status-publish","format-standard","hentry","category-nachrichten","entry"],"_links":{"self":[{"href":"https:\/\/codexflores.ch\/index.php\/wp-json\/wp\/v2\/posts\/2961","targetHints":{"allow":["GET"]}}],"collection":[{"href":"https:\/\/codexflores.ch\/index.php\/wp-json\/wp\/v2\/posts"}],"about":[{"href":"https:\/\/codexflores.ch\/index.php\/wp-json\/wp\/v2\/types\/post"}],"author":[{"embeddable":true,"href":"https:\/\/codexflores.ch\/index.php\/wp-json\/wp\/v2\/users\/1"}],"replies":[{"embeddable":true,"href":"https:\/\/codexflores.ch\/index.php\/wp-json\/wp\/v2\/comments?post=2961"}],"version-history":[{"count":0,"href":"https:\/\/codexflores.ch\/index.php\/wp-json\/wp\/v2\/posts\/2961\/revisions"}],"wp:attachment":[{"href":"https:\/\/codexflores.ch\/index.php\/wp-json\/wp\/v2\/media?parent=2961"}],"wp:term":[{"taxonomy":"category","embeddable":true,"href":"https:\/\/codexflores.ch\/index.php\/wp-json\/wp\/v2\/categories?post=2961"},{"taxonomy":"post_tag","embeddable":true,"href":"https:\/\/codexflores.ch\/index.php\/wp-json\/wp\/v2\/tags?post=2961"}],"curies":[{"name":"wp","href":"https:\/\/api.w.org\/{rel}","templated":true}]}}