{"id":2962,"date":"2016-08-04T06:15:00","date_gmt":"2016-08-04T06:15:00","guid":{"rendered":"https:\/\/codexflores.ch\/index.php\/2016\/08\/04\/tod-des-bassbaritons-guenter-von-kannen\/"},"modified":"2016-08-04T06:15:00","modified_gmt":"2016-08-04T06:15:00","slug":"tod-des-bassbaritons-guenter-von-kannen","status":"publish","type":"post","link":"https:\/\/codexflores.ch\/index.php\/2016\/08\/04\/tod-des-bassbaritons-guenter-von-kannen\/","title":{"rendered":"Tod des Bassbaritons G\u00fcnter von Kannen"},"content":{"rendered":"<p><span style=\"font-family: arial,helvetica,sans-serif; font-size: small;\">04.08.2016 &#8212; Laut den \u00abBadischen Neuesten Nachrichten\u00bb ist der Wagner-S\u00e4nger G\u00fcnter von Kannen, der als Alberich die Bayreuther Ring-Inszenierungen mitpr\u00e4gte und zeitweise auch Mitglied des Z\u00fcrcher Opernhaus-Ensembles war, im Alter von 76 Jahren verstorben.<\/span><\/p>\n<p><span style=\"font-family: arial,helvetica,sans-serif; font-size: small;\"><strong>04.08.2016 &#8212; Laut den \u00abBadischen Neuesten Nachrichten\u00bb ist der Wagner-S\u00e4nger G\u00fcnter von Kannen, der als Alberich die Bayreuther Ring-Inszenierungen mitpr\u00e4gte und zeitweise auch Mitglied des Z\u00fcrcher Opernhaus-Ensembles war, im Alter von 76 Jahren verstorben.<\/strong><\/span><\/p>\n<p><span style=\"font-family: arial,helvetica,sans-serif; font-size: small;\">\u00a0<\/span><\/p>\n<p><span style=\"font-family: arial,helvetica,sans-serif; font-size: small;\">1965 war von Kannen Preistr\u00e4ger beim Gesangwettbewerb der ARD in M\u00fcnchen. Er begann seine B\u00fchnenkarriere laut den Bayreuther Festspielen am Pfalztheater von Kaiserslautern (1966-67) und war dann an den Theatern von Bielefeld (1967-69), W\u00fcrzburg (1969-70), Bonn (1970-72) und Gelsenkirchen (1972-77), seit 1977 am Staatstheater Karlsruhe und seit 1979 zugleich am Opernhaus von Z\u00fcrich engagiert.<\/span><\/p>\n<p><span style=\"font-family: arial,helvetica,sans-serif; font-size: small;\">\u00a0<\/span><\/p>\n<p><span style=\"font-family: arial,helvetica,sans-serif; font-size: small;\">Bei den Salzburger Festspielen h\u00f6rte man ihn 1986 als Bartolo in \u00abFigaros Hochzeit\u00bb und in einem Kirchenkonzert. Zu den weiteren Stationen seiner Karriere z\u00e4hlen unter zahlreichen anderen Auftritte in Schwetzingen (1987), beim Festival von Aix-en-Provence (1987) und an der Deutschen Oper Berlin (1988) sowie am Grand Th\u00e9\u00e2tre Genf, an der Wiener Volksoper, in den USA und in Kanada. Auch auf den Gebieten des Konzert-, Oratorien- und Liedgesangs kam er zu einer erfolgreichen Karriere.\u00a0 <em>(cf)<\/em><\/span><\/p>\n","protected":false},"excerpt":{"rendered":"<p><span style=\"font-family: arial,helvetica,sans-serif; font-size: small;\">04.08.2016 &#8212; Laut den \u00abBadischen Neuesten Nachrichten\u00bb ist der Wagner-S\u00e4nger G\u00fcnter von Kannen, der als Alberich die Bayreuther Ring-Inszenierungen mitpr\u00e4gte und zeitweise auch Mitglied des Z\u00fcrcher Opernhaus-Ensembles war, im Alter von 76 Jahren verstorben.<\/span><\/p>\n","protected":false},"author":1,"featured_media":0,"comment_status":"open","ping_status":"open","sticky":false,"template":"","format":"standard","meta":{"footnotes":""},"categories":[2],"tags":[],"class_list":["post-2962","post","type-post","status-publish","format-standard","hentry","category-nachrichten","entry"],"_links":{"self":[{"href":"https:\/\/codexflores.ch\/index.php\/wp-json\/wp\/v2\/posts\/2962","targetHints":{"allow":["GET"]}}],"collection":[{"href":"https:\/\/codexflores.ch\/index.php\/wp-json\/wp\/v2\/posts"}],"about":[{"href":"https:\/\/codexflores.ch\/index.php\/wp-json\/wp\/v2\/types\/post"}],"author":[{"embeddable":true,"href":"https:\/\/codexflores.ch\/index.php\/wp-json\/wp\/v2\/users\/1"}],"replies":[{"embeddable":true,"href":"https:\/\/codexflores.ch\/index.php\/wp-json\/wp\/v2\/comments?post=2962"}],"version-history":[{"count":0,"href":"https:\/\/codexflores.ch\/index.php\/wp-json\/wp\/v2\/posts\/2962\/revisions"}],"wp:attachment":[{"href":"https:\/\/codexflores.ch\/index.php\/wp-json\/wp\/v2\/media?parent=2962"}],"wp:term":[{"taxonomy":"category","embeddable":true,"href":"https:\/\/codexflores.ch\/index.php\/wp-json\/wp\/v2\/categories?post=2962"},{"taxonomy":"post_tag","embeddable":true,"href":"https:\/\/codexflores.ch\/index.php\/wp-json\/wp\/v2\/tags?post=2962"}],"curies":[{"name":"wp","href":"https:\/\/api.w.org\/{rel}","templated":true}]}}