{"id":2965,"date":"2016-08-08T05:44:47","date_gmt":"2016-08-08T05:44:47","guid":{"rendered":"https:\/\/codexflores.ch\/index.php\/2016\/08\/08\/das-mosel-musikfestival-hat-einen-neuen-intendanten\/"},"modified":"2016-08-08T05:44:47","modified_gmt":"2016-08-08T05:44:47","slug":"das-mosel-musikfestival-hat-einen-neuen-intendanten","status":"publish","type":"post","link":"https:\/\/codexflores.ch\/index.php\/2016\/08\/08\/das-mosel-musikfestival-hat-einen-neuen-intendanten\/","title":{"rendered":"Das Mosel Musikfestival hat einen neuen Intendanten"},"content":{"rendered":"<p><span style=\"font-family: arial,helvetica,sans-serif; font-size: small;\">08.08.2016 &#8211;Der ausgebildete S\u00e4nger Tobias Scharfenberger, der an der Universit\u00e4t Z\u00fcrich Kulturmanagement studiert hat, ist per Anfang 2017 zum Gesch\u00e4ftsf\u00fchrer und per Anfang 2018 zum Intendanten des Mosel Musikfestivals gew\u00e4hlt worden.<\/span><\/p>\n<p><span style=\"font-family: arial,helvetica,sans-serif; font-size: small;\"><strong>08.08.2016 &#8211;Der ausgebildete S\u00e4nger Tobias Scharfenberger, der an der Universit\u00e4t Z\u00fcrich Kulturmanagement studiert hat, ist per Anfang 2017 zum Gesch\u00e4ftsf\u00fchrer und per Anfang 2018 zum Intendanten des Mosel Musikfestivals gew\u00e4hlt worden.<\/strong><\/span><\/p>\n<p><span style=\"font-family: arial,helvetica,sans-serif; font-size: small;\">\u00a0<\/span><\/p>\n<p><span style=\"font-family: arial,helvetica,sans-serif; font-size: small;\">Scharfenberger \u00fcbernimmt die Leitung von Gr\u00fcndungsintendant Hermann Lewen, der sich nach 32 Jahren Ende 2017 zur\u00fcckzieht. Bereits im Dezember 2015 hatte der Aufsichtsrat des Festivals Tobias Scharfenberger einstimmig zum Nachfolger Hermann Lewens gew\u00e4hlt.\u00a0 Die eineinhalbj\u00e4hrige \u00dcbergangsphase entspricht dem ausdr\u00fccklichen Wunsch sowohl Lewens als auch Scharfenbergers.<\/span><\/p>\n<p><span style=\"font-family: arial,helvetica,sans-serif; font-size: small;\">\u00a0<\/span><\/p>\n<p><span style=\"font-family: arial,helvetica,sans-serif; font-size: small;\">Der geb\u00fcrtige M\u00fcnchner Scharfenberger ist mit der amerikanischen Sopranistin Christina Clark verheiratet und hat zwei Kinder. Er studierte in Hannover und Karlsruhe Gesang, war Preistr\u00e4ger des Bundeswettbwerbs Gesang sowie des Mozartfestwettbewerbes W\u00fcrzburg und ist Tr\u00e4ger der Richard-Strauss-Medaille. Das Studium in Z\u00fcrich schloss er 2014 ab. (cf)<\/span><\/p>\n","protected":false},"excerpt":{"rendered":"<p><span style=\"font-family: arial,helvetica,sans-serif; font-size: small;\">08.08.2016 &#8211;Der ausgebildete S\u00e4nger Tobias Scharfenberger, der an der Universit\u00e4t Z\u00fcrich Kulturmanagement studiert hat, ist per Anfang 2017 zum Gesch\u00e4ftsf\u00fchrer und per Anfang 2018 zum Intendanten des Mosel Musikfestivals gew\u00e4hlt worden.<\/span><\/p>\n","protected":false},"author":1,"featured_media":0,"comment_status":"open","ping_status":"open","sticky":false,"template":"","format":"standard","meta":{"footnotes":""},"categories":[2],"tags":[],"class_list":["post-2965","post","type-post","status-publish","format-standard","hentry","category-nachrichten","entry"],"_links":{"self":[{"href":"https:\/\/codexflores.ch\/index.php\/wp-json\/wp\/v2\/posts\/2965","targetHints":{"allow":["GET"]}}],"collection":[{"href":"https:\/\/codexflores.ch\/index.php\/wp-json\/wp\/v2\/posts"}],"about":[{"href":"https:\/\/codexflores.ch\/index.php\/wp-json\/wp\/v2\/types\/post"}],"author":[{"embeddable":true,"href":"https:\/\/codexflores.ch\/index.php\/wp-json\/wp\/v2\/users\/1"}],"replies":[{"embeddable":true,"href":"https:\/\/codexflores.ch\/index.php\/wp-json\/wp\/v2\/comments?post=2965"}],"version-history":[{"count":0,"href":"https:\/\/codexflores.ch\/index.php\/wp-json\/wp\/v2\/posts\/2965\/revisions"}],"wp:attachment":[{"href":"https:\/\/codexflores.ch\/index.php\/wp-json\/wp\/v2\/media?parent=2965"}],"wp:term":[{"taxonomy":"category","embeddable":true,"href":"https:\/\/codexflores.ch\/index.php\/wp-json\/wp\/v2\/categories?post=2965"},{"taxonomy":"post_tag","embeddable":true,"href":"https:\/\/codexflores.ch\/index.php\/wp-json\/wp\/v2\/tags?post=2965"}],"curies":[{"name":"wp","href":"https:\/\/api.w.org\/{rel}","templated":true}]}}