{"id":2968,"date":"2016-08-09T05:46:13","date_gmt":"2016-08-09T05:46:13","guid":{"rendered":"https:\/\/codexflores.ch\/index.php\/2016\/08\/09\/bilanz-des-23-verbier-festival\/"},"modified":"2016-08-09T05:46:13","modified_gmt":"2016-08-09T05:46:13","slug":"bilanz-des-23-verbier-festival","status":"publish","type":"post","link":"https:\/\/codexflores.ch\/index.php\/2016\/08\/09\/bilanz-des-23-verbier-festival\/","title":{"rendered":"Bilanz des 23. Verbier Festival"},"content":{"rendered":"<p><span style=\"font-family: arial,helvetica,sans-serif; font-size: small;\">09.08.2016 &#8211;Das diesj\u00e4hrige Verbier Festival z\u00e4hlte insgesamt rund 42&#8217;500 Eintritte. Verkauft worden sind 30&#8217;000 Karten. Fest\u2019Off-Konzerte, Meisterklassen, Orchesterproben, Gratis-Konzerte und Aktivit\u00e4ten im Rahmen des Discovery-Programms generierten 12&#8217;500 Eintrtte (2015: 11&#8217;000).<\/span><\/p>\n<p><span style=\"font-family: arial,helvetica,sans-serif; font-size: small;\"><strong>09.08.2016 &#8211;Das diesj\u00e4hrige Verbier Festival z\u00e4hlte insgesamt rund 42&#8217;500 Eintritte. Verkauft worden sind 30&#8217;000 Karten. Fest\u2019Off-Konzerte, Meisterklassen, Orchesterproben, Gratis-Konzerte und Aktivit\u00e4ten im Rahmen des Discovery-Programms generierten 12&#8217;500 Eintrtte (2015: 11&#8217;000).<\/strong><\/span><\/p>\n<p><span style=\"font-family: arial,helvetica,sans-serif; font-size: small;\">\u00a0<\/span><\/p>\n<p><span style=\"font-family: arial,helvetica,sans-serif; font-size: small;\"><span class=\"cs534E6463\">Das Festival endete am Sonntagabend mit Mahlers 3. Sinfonie unter der Stabf\u00fchrung von Michael Tilson Thomas.<\/span> H\u00f6hpunkte waren zuvor Auff\u00fchrungen der <span class=\"cs534E6463\">Opern \u00abCarmen\u00bb und \u00abFalstaff\u00bb sowie Auftritte von\u00a0<span class=\"cs534E6463\">Daniil Trifonov, Leonidas Kavakos, Yuja Wang, Martin Fr\u00f6st, Daniel Lozakovich, Nina Stemme und den Gipsy Kings.<\/span> <\/span>Der Anteil der Schweizer am Publikum ist in Verbier von 62 Prozent im Jahre 2015 auf 65,8 Prozent in diesem Jahr gestiegen (+ 3,8 Prozent). <\/span><\/p>\n<p>\u00a0<\/p>\n<p><span style=\"font-family: arial,helvetica,sans-serif; font-size: small;\">W\u00e4hrend der ersten Woche verfolgten rund 240&#8217;000 Internet-Nutzer aus der ganzen Welt die Konzert-\u00dcbertragungen auf medici.tv. Die meisten Zuschauer z\u00e4hlte mit 22&#8217;500 Internet-Besuchern das Er\u00f6ffnungskonzert. Die Zahl erh\u00f6hte sich mit den Wiederaustrahlungen einige Tage sp\u00e4ter auf 51&#8217;000 Ansichten. Die Zahl der Follower auf Facebook ist von 10&#8217;000 im Jahre 2015 auf 14&#8217;700 zum jetzigen Zeitpunkt gestiegen.\u00a0 <em>(cf)<\/em><\/span><\/p>\n<p>\u00a0<\/p>\n","protected":false},"excerpt":{"rendered":"<p><span style=\"font-family: arial,helvetica,sans-serif; font-size: small;\">09.08.2016 &#8211;Das diesj\u00e4hrige Verbier Festival z\u00e4hlte insgesamt rund 42&#8217;500 Eintritte. Verkauft worden sind 30&#8217;000 Karten. Fest\u2019Off-Konzerte, Meisterklassen, Orchesterproben, Gratis-Konzerte und Aktivit\u00e4ten im Rahmen des Discovery-Programms generierten 12&#8217;500 Eintrtte (2015: 11&#8217;000).<\/span><\/p>\n","protected":false},"author":1,"featured_media":0,"comment_status":"open","ping_status":"open","sticky":false,"template":"","format":"standard","meta":{"footnotes":""},"categories":[2],"tags":[],"class_list":["post-2968","post","type-post","status-publish","format-standard","hentry","category-nachrichten","entry"],"_links":{"self":[{"href":"https:\/\/codexflores.ch\/index.php\/wp-json\/wp\/v2\/posts\/2968","targetHints":{"allow":["GET"]}}],"collection":[{"href":"https:\/\/codexflores.ch\/index.php\/wp-json\/wp\/v2\/posts"}],"about":[{"href":"https:\/\/codexflores.ch\/index.php\/wp-json\/wp\/v2\/types\/post"}],"author":[{"embeddable":true,"href":"https:\/\/codexflores.ch\/index.php\/wp-json\/wp\/v2\/users\/1"}],"replies":[{"embeddable":true,"href":"https:\/\/codexflores.ch\/index.php\/wp-json\/wp\/v2\/comments?post=2968"}],"version-history":[{"count":0,"href":"https:\/\/codexflores.ch\/index.php\/wp-json\/wp\/v2\/posts\/2968\/revisions"}],"wp:attachment":[{"href":"https:\/\/codexflores.ch\/index.php\/wp-json\/wp\/v2\/media?parent=2968"}],"wp:term":[{"taxonomy":"category","embeddable":true,"href":"https:\/\/codexflores.ch\/index.php\/wp-json\/wp\/v2\/categories?post=2968"},{"taxonomy":"post_tag","embeddable":true,"href":"https:\/\/codexflores.ch\/index.php\/wp-json\/wp\/v2\/tags?post=2968"}],"curies":[{"name":"wp","href":"https:\/\/api.w.org\/{rel}","templated":true}]}}