{"id":2970,"date":"2016-08-10T05:59:48","date_gmt":"2016-08-10T05:59:48","guid":{"rendered":"https:\/\/codexflores.ch\/index.php\/2016\/08\/10\/bilanz-des-festivals-europaeische-kirchenmusik\/"},"modified":"2016-08-10T05:59:48","modified_gmt":"2016-08-10T05:59:48","slug":"bilanz-des-festivals-europaeische-kirchenmusik","status":"publish","type":"post","link":"https:\/\/codexflores.ch\/index.php\/2016\/08\/10\/bilanz-des-festivals-europaeische-kirchenmusik\/","title":{"rendered":"Bilanz des Festivals Europ\u00e4ische Kirchenmusik"},"content":{"rendered":"<p><span style=\"font-family: arial,helvetica,sans-serif; font-size: small;\">10.08.2016 &#8212; Das Festival Europ\u00e4ische Kirchenmusik Schw\u00e4bisch Gm\u00fcnd 2016 hat rund 14&#8217;500 Eintritte generiert. 13 Veranstaltungen waren ausverkauft, weitere sechs Konzerte waren \u00abstark nachgefragt\u00bb. Die Gesamt-Auslastung lag bei 92 Prozent.<\/span><\/p>\n<p><span style=\"font-family: arial,helvetica,sans-serif; font-size: small;\"><strong>10.08.2016 &#8212; Das Festival Europ\u00e4ische Kirchenmusik Schw\u00e4bisch Gm\u00fcnd 2016 hat rund 14&#8217;500 Eintritte generiert. 13 Veranstaltungen waren ausverkauft, weitere sechs Konzerte waren \u00abstark nachgefragt\u00bb. Die Gesamt-Auslastung lag bei 92 Prozent.<\/strong><\/span><\/p>\n<p><span style=\"font-family: arial,helvetica,sans-serif; font-size: small;\">\u00a0<\/span><\/p>\n<p><span style=\"font-family: arial,helvetica,sans-serif; font-size: small;\">Hans-Christoph Rademann, dem Leiter des Bach-Collegiums Stuttgart, wurde im Rahmen des Festivals der Preis der Europ\u00e4ischen Kirchenmusik 2016 \u00fcberreicht. Als Auftragskomposition des Festivals wurde das neue Vokalwerk \u00abIm Dunkel\u00bb des Gm\u00fcnder Komponisten Karl-Heinz Isele uraufgef\u00fchrt. Aus Basel reiste das Ensemble Leones nach\u00a0Schw\u00e4bisch Gm\u00fcnd. Es pr\u00e4sentierte Lieder von Oswald von Wolkenstein.<\/span><\/p>\n<p><span style=\"font-family: arial,helvetica,sans-serif; font-size: small;\">\u00a0<\/span><\/p>\n<p><span style=\"font-family: arial,helvetica,sans-serif; font-size: small;\">Das Festival Europ\u00e4ische Kirchenmusik wird veranstaltet vom Kulturb\u00fcro der Stadt Schw\u00e4bisch Gm\u00fcnd. Das Budget betr\u00e4gt des Festivals rund 400&#8217;000 Euro. 2017 wird es vom 14. Juli bis 6. August unter dem Motto \u00abIn Raum und Zeit\u00bb stattfinden. <em>(cf)<\/em><\/span><\/p>\n<p>\u00a0<\/p>\n","protected":false},"excerpt":{"rendered":"<p><span style=\"font-family: arial,helvetica,sans-serif; font-size: small;\">10.08.2016 &#8212; Das Festival Europ\u00e4ische Kirchenmusik Schw\u00e4bisch Gm\u00fcnd 2016 hat rund 14&#8217;500 Eintritte generiert. 13 Veranstaltungen waren ausverkauft, weitere sechs Konzerte waren \u00abstark nachgefragt\u00bb. Die Gesamt-Auslastung lag bei 92 Prozent.<\/span><\/p>\n","protected":false},"author":1,"featured_media":0,"comment_status":"open","ping_status":"open","sticky":false,"template":"","format":"standard","meta":{"footnotes":""},"categories":[2],"tags":[],"class_list":["post-2970","post","type-post","status-publish","format-standard","hentry","category-nachrichten","entry"],"_links":{"self":[{"href":"https:\/\/codexflores.ch\/index.php\/wp-json\/wp\/v2\/posts\/2970","targetHints":{"allow":["GET"]}}],"collection":[{"href":"https:\/\/codexflores.ch\/index.php\/wp-json\/wp\/v2\/posts"}],"about":[{"href":"https:\/\/codexflores.ch\/index.php\/wp-json\/wp\/v2\/types\/post"}],"author":[{"embeddable":true,"href":"https:\/\/codexflores.ch\/index.php\/wp-json\/wp\/v2\/users\/1"}],"replies":[{"embeddable":true,"href":"https:\/\/codexflores.ch\/index.php\/wp-json\/wp\/v2\/comments?post=2970"}],"version-history":[{"count":0,"href":"https:\/\/codexflores.ch\/index.php\/wp-json\/wp\/v2\/posts\/2970\/revisions"}],"wp:attachment":[{"href":"https:\/\/codexflores.ch\/index.php\/wp-json\/wp\/v2\/media?parent=2970"}],"wp:term":[{"taxonomy":"category","embeddable":true,"href":"https:\/\/codexflores.ch\/index.php\/wp-json\/wp\/v2\/categories?post=2970"},{"taxonomy":"post_tag","embeddable":true,"href":"https:\/\/codexflores.ch\/index.php\/wp-json\/wp\/v2\/tags?post=2970"}],"curies":[{"name":"wp","href":"https:\/\/api.w.org\/{rel}","templated":true}]}}