{"id":2971,"date":"2016-08-10T06:24:17","date_gmt":"2016-08-10T06:24:17","guid":{"rendered":"https:\/\/codexflores.ch\/index.php\/2016\/08\/10\/europaeische-wochen-passau-und-ihr-intendant-trennen-sich\/"},"modified":"2016-08-10T06:24:17","modified_gmt":"2016-08-10T06:24:17","slug":"europaeische-wochen-passau-und-ihr-intendant-trennen-sich","status":"publish","type":"post","link":"https:\/\/codexflores.ch\/index.php\/2016\/08\/10\/europaeische-wochen-passau-und-ihr-intendant-trennen-sich\/","title":{"rendered":"Europ\u00e4ische Wochen Passau und ihr Intendant trennen sich"},"content":{"rendered":"<p><span style=\"font-family: arial,helvetica,sans-serif; font-size: small;\">10.08.2016 &#8212; Laut einem offiziellen Statement der Festspiele Europ\u00e4ische Wochen Passau e.V. haben der Vorstand und der Intendant Peter Baumgardt sich geeinigt \u00abdas Vertragsverh\u00e4ltnis einvernehmlich aufzul\u00f6sen\u00bb. \u00dcber die Modalit\u00e4ten werde\u00a0 derzeit noch verhandelt.<\/span><\/p>\n<p><span style=\"font-family: arial,helvetica,sans-serif; font-size: small;\"><strong>10.08.2016 &#8212; Laut einem offiziellen Statement der Festspiele Europ\u00e4ische Wochen Passau e.V. haben der Vorstand und der Intendant Peter Baumgardt sich geeinigt \u00abdas Vertragsverh\u00e4ltnis einvernehmlich aufzul\u00f6sen\u00bb. \u00dcber die Modalit\u00e4ten werde\u00a0 derzeit noch verhandelt.<\/strong><\/span><\/p>\n<p><span style=\"font-family: arial,helvetica,sans-serif; font-size: small;\">\u00a0<\/span><\/p>\n<p><span style=\"font-family: arial,helvetica,sans-serif; font-size: small;\">Der 1958 geborene Baumgardt hatte an der Expo 2000 in Hannover in Nachfolge von August Everding die k\u00fcnstlerische Gesamtleitung des Deutschen Pavillons inne.\u00a02006 \u00fcbernahm er als k\u00fcnstlerischer Gesamtleiter die Intendanz des Stadttheaters Kempten. Intendant der Europ\u00e4ischen Wochen Passau war er als Nachfolger von Pankraz Freiherr von Freyberg seit 2012.\u00a0<\/span><\/p>\n<p><span style=\"font-family: arial,helvetica,sans-serif; font-size: small;\">\u00a0<\/span><\/p>\n<p><span style=\"font-family: arial,helvetica,sans-serif; font-size: small;\">Die Festspiele wurden im Jahre 1952 von amerikanischen Offizieren in Zusammenarbeit mit der Stadt Passau ins Leben gerufen. Heute sind sie mit \u00fcber 60 Veranstaltungen in rund 20 Veranstaltungsorten in Ostbayern, Ober\u00f6sterreich und B\u00f6hmen pr\u00e4sent. Das Festival verfolgt das Ziel, \u00absowohl international renommierte, als auch regional bekannte K\u00fcnstler zu pr\u00e4sentieren\u00bb.<em> (cf)<\/em><\/span><\/p>\n","protected":false},"excerpt":{"rendered":"<p><span style=\"font-family: arial,helvetica,sans-serif; font-size: small;\">10.08.2016 &#8212; Laut einem offiziellen Statement der Festspiele Europ\u00e4ische Wochen Passau e.V. haben der Vorstand und der Intendant Peter Baumgardt sich geeinigt \u00abdas Vertragsverh\u00e4ltnis einvernehmlich aufzul\u00f6sen\u00bb. \u00dcber die Modalit\u00e4ten werde\u00a0 derzeit noch verhandelt.<\/span><\/p>\n","protected":false},"author":1,"featured_media":0,"comment_status":"open","ping_status":"open","sticky":false,"template":"","format":"standard","meta":{"footnotes":""},"categories":[2],"tags":[],"class_list":["post-2971","post","type-post","status-publish","format-standard","hentry","category-nachrichten","entry"],"_links":{"self":[{"href":"https:\/\/codexflores.ch\/index.php\/wp-json\/wp\/v2\/posts\/2971","targetHints":{"allow":["GET"]}}],"collection":[{"href":"https:\/\/codexflores.ch\/index.php\/wp-json\/wp\/v2\/posts"}],"about":[{"href":"https:\/\/codexflores.ch\/index.php\/wp-json\/wp\/v2\/types\/post"}],"author":[{"embeddable":true,"href":"https:\/\/codexflores.ch\/index.php\/wp-json\/wp\/v2\/users\/1"}],"replies":[{"embeddable":true,"href":"https:\/\/codexflores.ch\/index.php\/wp-json\/wp\/v2\/comments?post=2971"}],"version-history":[{"count":0,"href":"https:\/\/codexflores.ch\/index.php\/wp-json\/wp\/v2\/posts\/2971\/revisions"}],"wp:attachment":[{"href":"https:\/\/codexflores.ch\/index.php\/wp-json\/wp\/v2\/media?parent=2971"}],"wp:term":[{"taxonomy":"category","embeddable":true,"href":"https:\/\/codexflores.ch\/index.php\/wp-json\/wp\/v2\/categories?post=2971"},{"taxonomy":"post_tag","embeddable":true,"href":"https:\/\/codexflores.ch\/index.php\/wp-json\/wp\/v2\/tags?post=2971"}],"curies":[{"name":"wp","href":"https:\/\/api.w.org\/{rel}","templated":true}]}}