{"id":2972,"date":"2016-08-11T05:36:03","date_gmt":"2016-08-11T05:36:03","guid":{"rendered":"https:\/\/codexflores.ch\/index.php\/2016\/08\/11\/fruehneuzeitliche-vorstellungen-von-musikalischer-vergangenheit\/"},"modified":"2016-08-11T05:36:03","modified_gmt":"2016-08-11T05:36:03","slug":"fruehneuzeitliche-vorstellungen-von-musikalischer-vergangenheit","status":"publish","type":"post","link":"https:\/\/codexflores.ch\/index.php\/2016\/08\/11\/fruehneuzeitliche-vorstellungen-von-musikalischer-vergangenheit\/","title":{"rendered":"Fr\u00fchneuzeitliche Vorstellungen von \u00abmusikalischer Vergangenheit\u00bb"},"content":{"rendered":"<p><span style=\"font-family: arial,helvetica,sans-serif; font-size: small;\">11.08.2016 &#8212; Wie hat sich zwischen Sp\u00e4tmittelalter und Fr\u00fcher Neuzeit eine Vorstellung von \u00abmusikalischer Vergangenheit\u00bb entwickelt? Dieser Frage geht ein europ\u00e4isches Forschungsteam mit Beteiligung von Musikwissenschaftlern der Universit\u00e4t Heidelberg nach.<\/span><\/p>\n<p><span style=\"font-family: arial,helvetica,sans-serif; font-size: small;\"><strong>11.08.2016 &#8212; Wie hat sich zwischen Sp\u00e4tmittelalter und Fr\u00fcher Neuzeit eine Vorstellung von \u00abmusikalischer Vergangenheit\u00bb entwickelt? Dieser Frage geht ein europ\u00e4isches Forschungsteam mit Beteiligung von Musikwissenschaftlern der Universit\u00e4t Heidelberg nach.<\/strong><\/span><\/p>\n<p><span style=\"font-family: arial,helvetica,sans-serif; font-size: small;\">\u00a0<\/span><\/p>\n<p><span style=\"font-family: arial,helvetica,sans-serif; font-size: small;\">Mit Hilfe mehrerer Fallstudien wollen die Forscher aus f\u00fcnf L\u00e4ndern ausserdem analysieren, auf welche Weise musikalische Traditionen f\u00fcr bestimmte politische und religi\u00f6se Zwecke bewusst aufgegriffen wurden. Das Projekt \u00abSound Memories: The Musical Past in Late-Medieval and Early-Modern Europe\u00bb (SoundMe) wird mit insgesamt rund 1,2 Millionen Euro durch die Europ\u00e4ische F\u00f6rderinitiative HERA unterst\u00fctzt.<\/span><\/p>\n<p>\u00a0<\/p>\n<p><span style=\"font-family: arial,helvetica,sans-serif; font-size: small;\">Die Arbeitsgruppe um Inga Mai Groote vom Musikwissenschaftlichen Seminar der Universit\u00e4t Heidelberg wird sich\u00a0 insbesondere mit Beispielen aus dem protestantischen Deutschland besch\u00e4ftigen. Dort blieben trotz der Neuerungen in Liturgie und Musikpraxis \u00e4ltere Repertoires wie der lateinische Choral ganz bewusst in Gebrauch.<\/span><\/p>\n<p><span style=\"font-family: arial,helvetica,sans-serif; font-size: small;\">\u00a0<\/span><\/p>\n<p><span style=\"font-family: arial,helvetica,sans-serif; font-size: small;\">Neben Groote geh\u00f6ren dem internationalen Forschungsteam auch Wissenschaftler der Universit\u00e4ten Cambridge (Gro\u00dfbritannien) und Prag (Tschechien) sowie der Polnischen Akademie der Wissenschaften in Warschau an. Die Koordination des Gesamtprojekts liegt bei Karl Ku\u0308gle von der Universit\u00e4t Utrecht (Niederlande). <em>(cf)<\/em><\/span><\/p>\n","protected":false},"excerpt":{"rendered":"<p><span style=\"font-family: arial,helvetica,sans-serif; font-size: small;\">11.08.2016 &#8212; Wie hat sich zwischen Sp\u00e4tmittelalter und Fr\u00fcher Neuzeit eine Vorstellung von \u00abmusikalischer Vergangenheit\u00bb entwickelt? Dieser Frage geht ein europ\u00e4isches Forschungsteam mit Beteiligung von Musikwissenschaftlern der Universit\u00e4t Heidelberg nach.<\/span><\/p>\n","protected":false},"author":1,"featured_media":0,"comment_status":"open","ping_status":"open","sticky":false,"template":"","format":"standard","meta":{"footnotes":""},"categories":[2],"tags":[],"class_list":["post-2972","post","type-post","status-publish","format-standard","hentry","category-nachrichten","entry"],"_links":{"self":[{"href":"https:\/\/codexflores.ch\/index.php\/wp-json\/wp\/v2\/posts\/2972","targetHints":{"allow":["GET"]}}],"collection":[{"href":"https:\/\/codexflores.ch\/index.php\/wp-json\/wp\/v2\/posts"}],"about":[{"href":"https:\/\/codexflores.ch\/index.php\/wp-json\/wp\/v2\/types\/post"}],"author":[{"embeddable":true,"href":"https:\/\/codexflores.ch\/index.php\/wp-json\/wp\/v2\/users\/1"}],"replies":[{"embeddable":true,"href":"https:\/\/codexflores.ch\/index.php\/wp-json\/wp\/v2\/comments?post=2972"}],"version-history":[{"count":0,"href":"https:\/\/codexflores.ch\/index.php\/wp-json\/wp\/v2\/posts\/2972\/revisions"}],"wp:attachment":[{"href":"https:\/\/codexflores.ch\/index.php\/wp-json\/wp\/v2\/media?parent=2972"}],"wp:term":[{"taxonomy":"category","embeddable":true,"href":"https:\/\/codexflores.ch\/index.php\/wp-json\/wp\/v2\/categories?post=2972"},{"taxonomy":"post_tag","embeddable":true,"href":"https:\/\/codexflores.ch\/index.php\/wp-json\/wp\/v2\/tags?post=2972"}],"curies":[{"name":"wp","href":"https:\/\/api.w.org\/{rel}","templated":true}]}}